{"id":995,"date":"2022-05-29T00:41:04","date_gmt":"2022-05-29T00:41:04","guid":{"rendered":"https:\/\/minutaregional.cl\/?p=995"},"modified":"2022-05-29T00:41:04","modified_gmt":"2022-05-29T00:41:04","slug":"pdi-investiga-robo-con-violencia-que-afecto-a-residentes-en-el-sector-de-ceres-en-la-serena","status":"publish","type":"post","link":"https:\/\/minutaregional.cl\/?p=995","title":{"rendered":"PDI INVESTIGA ROBO CON VIOLENCIA QUE AFECTO A RESIDENTES EN EL SECTOR DE CERES EN LA SERENA"},"content":{"rendered":"<p style=\"text-align: justify;\">Detectives de la Brigada Investigadora de Robos La Serena concurrieron a realizar las primeras diligencias debido al robo de un veh\u00edculo y diversas especies avaluadas en 25 millones de pesos.<\/p>\n<p style=\"text-align: justify;\">Diversas t\u00e9cnicas de an\u00e1lisis criminal e inteligencia policial desarrollan los detectives desde la noche del martes 24 de mayo, para ubicar a un grupo de individuos que merodeaba dentro de un terreno del sector de Ceres en la salida oriente de La Serena, en el sector de la ruta 41 que conecta con el Valle de Elqui.<\/p>\n<p style=\"text-align: justify;\">4 hombres encapuchados y con armas, irrumpieron en un domicilio particular cerca de las nueve de la noche, donde agredieron e intimidaron al cuidador que habita en una caba\u00f1a del recinto, para robar en el inmueble principal golpeando tambi\u00e9n a la propietaria, de acuerdo a los antecedentes preliminares de la investigaci\u00f3n.<\/p>\n<p style=\"text-align: justify;\"><strong><em>\u201cPersonal de esta unidad especializada concurre por instrucci\u00f3n del fiscal de turno de La Serena, desarrollar las primeras diligencias que permitan establecer las circunstancias del robo con violencia que afect\u00f3 a una familia de una propiedad en el sector de Ceres. En el sitio del suceso, los residentes recibieron golpes con un destornillador y fueron intimidados con armas tipo rev\u00f3lver y pistolas, logrando sustraer un veh\u00edculo, diversas joyas, 3 millones de pesos en efectivo, celulares y computadores, entre otras especies que fueron avaluadas en 25 millones de pesos\u201d<\/em><\/strong>, se\u00f1al\u00f3 el inspector Ignacio Vega, de la Brigada Investigadora de Robos La Serena.<\/p>\n<p style=\"text-align: justify;\">Dentro de la declaraci\u00f3n de los testigos y las v\u00edctimas, advierten que el cuidador, que vive con su grupo familiar dentro del otro inmueble en este terreno, alcanz\u00f3 a defenderse golpeando con un elemento contundente en la cabeza a uno de los individuos. Mientras forcejeaba con el resto de la banda, el lesionado le dispara, a corta distancia, aunque la v\u00edctima advierte que no recibi\u00f3 el proyectil y logran reducirlo para ingresar a la propiedad principal.<\/p>\n<p style=\"text-align: justify;\">Durante la jornada de este mi\u00e9rcoles, la Brigada Investigadora de Robos sigue desarrollando las diligencias, levantando la informaci\u00f3n de las c\u00e1maras de seguridad en el sector y el empadronamiento a los testigos del delito, entre otras t\u00e9cnicas investigativas para individualizar y ubicar a los involucrados de este robo con violencia.<\/p>\n","protected":false},"excerpt":{"rendered":"<p>Detectives de la Brigada Investigadora de Robos La Serena concurrieron a realizar las primeras diligencias debido al robo de un veh\u00edculo y diversas especies avaluadas en 25 millones de pesos. Diversas t\u00e9cnicas de an\u00e1lisis criminal e inteligencia policial desarrollan los detectives desde la noche del martes 24 de mayo, para<\/p>\n","protected":false},"author":1,"featured_media":996,"comment_status":"closed","ping_status":"open","sticky":false,"template":"","format":"standard","meta":{"footnotes":""},"categories":[14],"tags":[],"class_list":["post-995","post","type-post","status-publish","format-standard","has-post-thumbnail","hentry","category-pdi"],"_links":{"self":[{"href":"https:\/\/minutaregional.cl\/index.php?rest_route=\/wp\/v2\/posts\/995","targetHints":{"allow":["GET"]}}],"collection":[{"href":"https:\/\/minutaregional.cl\/index.php?rest_route=\/wp\/v2\/posts"}],"about":[{"href":"https:\/\/minutaregional.cl\/index.php?rest_route=\/wp\/v2\/types\/post"}],"author":[{"embeddable":true,"href":"https:\/\/minutaregional.cl\/index.php?rest_route=\/wp\/v2\/users\/1"}],"replies":[{"embeddable":true,"href":"https:\/\/minutaregional.cl\/index.php?rest_route=%2Fwp%2Fv2%2Fcomments&post=995"}],"version-history":[{"count":1,"href":"https:\/\/minutaregional.cl\/index.php?rest_route=\/wp\/v2\/posts\/995\/revisions"}],"predecessor-version":[{"id":997,"href":"https:\/\/minutaregional.cl\/index.php?rest_route=\/wp\/v2\/posts\/995\/revisions\/997"}],"wp:featuredmedia":[{"embeddable":true,"href":"https:\/\/minutaregional.cl\/index.php?rest_route=\/wp\/v2\/media\/996"}],"wp:attachment":[{"href":"https:\/\/minutaregional.cl\/index.php?rest_route=%2Fwp%2Fv2%2Fmedia&parent=995"}],"wp:term":[{"taxonomy":"category","embeddable":true,"href":"https:\/\/minutaregional.cl\/index.php?rest_route=%2Fwp%2Fv2%2Fcategories&post=995"},{"taxonomy":"post_tag","embeddable":true,"href":"https:\/\/minutaregional.cl\/index.php?rest_route=%2Fwp%2Fv2%2Ftags&post=995"}],"curies":[{"name":"wp","href":"https:\/\/api.w.org\/{rel}","templated":true}]}}