{"id":992,"date":"2022-05-29T00:05:52","date_gmt":"2022-05-29T00:05:52","guid":{"rendered":"https:\/\/minutaregional.cl\/?p=992"},"modified":"2022-05-29T00:11:07","modified_gmt":"2022-05-29T00:11:07","slug":"transferencia-de-recursos-a-comunas-con-emergencia-agricola-es-bien-evaluado-por-autoridades","status":"publish","type":"post","link":"https:\/\/minutaregional.cl\/?p=992","title":{"rendered":"Transferencia de Recursos a Comunas con Emergencia Agr\u00edcola es Bien Evaluado por Autoridades"},"content":{"rendered":"<p style=\"text-align: justify;\">Un total de $1747 millones 800 mil es la inyecci\u00f3n fiscal del Ministerio de Agricultura que ayer el l\u00edder de la cartera dio a conocer en una actividad donde asistieron autoridades locales, regionales y representantes del campesinado.<\/p>\n<p style=\"text-align: justify;\">5826 agricultores y agricultoras se ver\u00e1n beneficiados de la entrega de recursos que ayer, durante su visita en Coquimbo, el Ministro de Agricultura, Esteban Valenzuela, anunci\u00f3 en una ceremonia donde participaron distintas autoridades locales, regionales y dirigencias campesinas.<\/p>\n<p style=\"text-align: justify;\">Seg\u00fan inform\u00f3 Valenzuela, un total de $1747 millones 800 mil ser\u00e1n destinados para las 15 comunas en emergencia agr\u00edcola de la zona. Su implementaci\u00f3n, en palabras del propio ministro, depender\u00e1 seg\u00fan la necesidad del territorio.<\/p>\n<p style=\"text-align: justify;\">\u201cEn algunas comunas ser\u00e1 para mejora de suelos, en otro sistema de membranas para los canales, en otro forraje para ganado caprino\u201d, indic\u00f3.<\/p>\n<p style=\"text-align: justify;\">La diputada por la regi\u00f3n, Nathalie Castillo, asistente de la ceremonia, valor\u00f3 la medida, destacando que es fruto de la organizaci\u00f3n rural.<\/p>\n<p style=\"text-align: justify;\">\u201cHoy vemos posible avanzar en materia de derechos gracias a la organizaci\u00f3n y la pol\u00edtica rural campesina. Entendemos que esta inyecci\u00f3n de recursos no resolver\u00e1 el problema estructural de la sequ\u00eda que vive nuestra regi\u00f3n, pero si viene a responder a las necesidades urgentes de un sector duramente golpeado por esta situaci\u00f3n\u201d, subray\u00f3.<\/p>\n<p style=\"text-align: justify;\">\u201cEl trabajo mancomunado entre campesinos y campesinas, autoridades comunales y regionales y la visi\u00f3n descentralizada y desde los territorios que debe adoptar el Ejecutivo, son fundamentales para enfrentar entre todos y todas el grave escenario de escasez h\u00eddrica\u201d, enfatiz\u00f3 la congresista.<\/p>\n<p style=\"text-align: justify;\">Quien tambi\u00e9n tuvo comentarios al respecto fue Leticia Ram\u00edrez, presidenta del Colegio Regional Campesino y Delegada de la Mesa Regional Rural.<\/p>\n<p style=\"text-align: justify;\">\u201cEs muy importante que sean los municipios quien administre el recurso de libre disposici\u00f3n para poner prioridades. Pero esto no resuelve el problema que tenemos de la crisis. Esto viene a mitigar un poco la urgencia, la necesidad inmediata. Junto con eso, se tienen que mejorar las medidas a mediano y largo plazo de permanencia de los habitantes rurales del territorio. La sobreexplotaci\u00f3n de la tierra y el agua es la que nos llev\u00f3 que la crisis se apurara\u201d, apunt\u00f3 Ram\u00edrez.<\/p>\n<p style=\"text-align: justify;\">Seg\u00fan palabras de la dirigente, \u201cla pol\u00edtica p\u00fablica de nuestro pa\u00eds a\u00fan no hace diferenciaci\u00f3n del territorio (\u2026) Es fundamental la gobernanza del territorio y los actores del territorio. Son ellos los que tienen mayor autoridad para dimensionar como se tiene que usar el agua en este nuevo escenario. Es en el territorio rural donde podemos optimizar los recursos, generar las condiciones para que el recurso logre mayor efectividad\u201d, cerr\u00f3 la delegada.<\/p>\n<p style=\"text-align: justify;\">Desde la esfera municipal tambi\u00e9n hubo declaraciones. El alcalde de Canela, Bernardo Leyton, recalc\u00f3 el gesto del gobierno, puesto que el convenio, adem\u00e1s de dotar de mayor protagonismo a los municipios de coordinar los recursos, permite atender a los no usuarios de INDAP.<\/p>\n<p style=\"text-align: justify;\">\u201cSiempre los recursos ser\u00e1n escasos y tal vez tengamos a algunas personas que vamos a tener que buscar otras formas para poderlos atender, dada la escasez h\u00eddrica que tenemos. Pero consideramos que es muy oportuno en el tiempo y que se hacer a trav\u00e9s de las municipalidades\u201d, manifest\u00f3.<\/p>\n<p style=\"text-align: justify;\">El edil coincide con Ram\u00edrez en la importancia que reviste el trabajo mancomunado con la dirigencia campesina.<\/p>\n<p style=\"text-align: justify;\">\u201cEs fundamental el trabajo con las organizaciones. Tenemos un compromiso de trabajar en las instancias que existen con la representaci\u00f3n campesina para ser m\u00e1s eficaces, eficientes, en el usro de los recursos p\u00fablicos (..). En Coquimbo hay una institucionalidad instalada con la pol\u00edtica de desarrollo rural construida por la dirigencia campesina y es instrumento que est\u00e1 disponible y que consideramos que la autoridad puede utilizar esa informaci\u00f3n\u201d, recalc\u00f3 el alcalde.<\/p>\n","protected":false},"excerpt":{"rendered":"<p>Un total de $1747 millones 800 mil es la inyecci\u00f3n fiscal del Ministerio de Agricultura que ayer el l\u00edder de la cartera dio a conocer en una actividad donde asistieron autoridades locales, regionales y representantes del campesinado. 5826 agricultores y agricultoras se ver\u00e1n beneficiados de la entrega de recursos que<\/p>\n","protected":false},"author":1,"featured_media":993,"comment_status":"closed","ping_status":"open","sticky":false,"template":"","format":"standard","meta":{"footnotes":""},"categories":[26],"tags":[],"class_list":["post-992","post","type-post","status-publish","format-standard","has-post-thumbnail","hentry","category-camara-de-diputadas-y-diputados"],"_links":{"self":[{"href":"https:\/\/minutaregional.cl\/index.php?rest_route=\/wp\/v2\/posts\/992","targetHints":{"allow":["GET"]}}],"collection":[{"href":"https:\/\/minutaregional.cl\/index.php?rest_route=\/wp\/v2\/posts"}],"about":[{"href":"https:\/\/minutaregional.cl\/index.php?rest_route=\/wp\/v2\/types\/post"}],"author":[{"embeddable":true,"href":"https:\/\/minutaregional.cl\/index.php?rest_route=\/wp\/v2\/users\/1"}],"replies":[{"embeddable":true,"href":"https:\/\/minutaregional.cl\/index.php?rest_route=%2Fwp%2Fv2%2Fcomments&post=992"}],"version-history":[{"count":1,"href":"https:\/\/minutaregional.cl\/index.php?rest_route=\/wp\/v2\/posts\/992\/revisions"}],"predecessor-version":[{"id":994,"href":"https:\/\/minutaregional.cl\/index.php?rest_route=\/wp\/v2\/posts\/992\/revisions\/994"}],"wp:featuredmedia":[{"embeddable":true,"href":"https:\/\/minutaregional.cl\/index.php?rest_route=\/wp\/v2\/media\/993"}],"wp:attachment":[{"href":"https:\/\/minutaregional.cl\/index.php?rest_route=%2Fwp%2Fv2%2Fmedia&parent=992"}],"wp:term":[{"taxonomy":"category","embeddable":true,"href":"https:\/\/minutaregional.cl\/index.php?rest_route=%2Fwp%2Fv2%2Fcategories&post=992"},{"taxonomy":"post_tag","embeddable":true,"href":"https:\/\/minutaregional.cl\/index.php?rest_route=%2Fwp%2Fv2%2Ftags&post=992"}],"curies":[{"name":"wp","href":"https:\/\/api.w.org\/{rel}","templated":true}]}}