{"id":983,"date":"2022-05-27T15:49:16","date_gmt":"2022-05-27T15:49:16","guid":{"rendered":"https:\/\/minutaregional.cl\/?p=983"},"modified":"2022-05-27T15:49:16","modified_gmt":"2022-05-27T15:49:16","slug":"museo-del-limari-presenta-nutrida-agenda-cultural-en-el-marco-del-dia-de-los-patrimonios","status":"publish","type":"post","link":"https:\/\/minutaregional.cl\/?p=983","title":{"rendered":"Museo del Limar\u00ed: Presenta Nutrida Agenda Cultural en el Marco del D\u00eda de los Patrimonios"},"content":{"rendered":"<p style=\"text-align: justify;\">Esta versi\u00f3n est\u00e1 marcada por el retorno a la presencialidad con actividades que incluyen seminarios, talleres, feria del trueque, presentaci\u00f3n teatral y m\u00fasica en vivo. Las actividades inician el d\u00eda 26 de mayo con el Encuentro Paisajes Culturales del Limar\u00ed.<\/p>\n<p style=\"text-align: justify;\">Una agenda llena de actividades vinculadas a la conmemoraci\u00f3n del D\u00eda de los Patrimonios es la que ha programado el Museo del Limar\u00ed para este a\u00f1o. Para esta versi\u00f3n la unidad dependiente del Servicio Nacional del Patrimonio Cultural en la Provincia del Limar\u00ed ofrece cuatro d\u00edas con seminarios, talleres, feria del trueque, presentaciones de libros, teatro infantil y m\u00fasica en vivo.<\/p>\n<p style=\"text-align: justify;\">El D\u00eda de los Patrimonios es una iniciativa nacional que ya cumple veintid\u00f3s a\u00f1os desde su puesta en marcha a finales de la d\u00e9cada de los noventa y este a\u00f1o cambia su nombre para incorporar la diversidad del territorio nacional. El Museo del Limar\u00ed como es tradici\u00f3n se incorpora a este d\u00eda con una amplia parrilla program\u00e1tica.<\/p>\n<p style=\"text-align: justify;\">Sobre esta versi\u00f3n en Ovalle, Marco Sandoval, director del museo, explic\u00f3: \u201cQueremos invitarlas e invitarlos a participar en las diversas actividades culturales que hemos preparado como museo en el D\u00eda de los Patrimonios 2022, as\u00ed como tambi\u00e9n en las que hemos preparado de manera colaborativa con instituciones privadas, p\u00fablicas y de pueblos originarios, que este a\u00f1o buscan visibilizar la pluralidad de los patrimonios e identidades de nuestro pa\u00eds, as\u00ed como la diversidad de culturas, comunidades y pueblos que habitan el territorio, que para el caso del Limar\u00ed, ponemos en valor a trav\u00e9s del encuentro presencial y virtual denominado Paisajes Culturales del Limar\u00ed los d\u00edas 26, 27 y 28, lo que sumado a las actividades de los d\u00edas s\u00e1bado y domingo buscan que la comunidad conozca, conmemore y disfrute de su identidad local\u201d.<\/p>\n<p style=\"text-align: justify;\">EL PROGRAMA<\/p>\n<p style=\"text-align: justify;\">Las iniciativas que este a\u00f1o se caracterizan por el retorno a la presencialidad comienzan el d\u00eda 26 de mayo a las 16 horas, con el Encuentro Paisajes Culturales del Limar\u00ed, organizado en conjunto con el Centro Nacional de Conservaci\u00f3n y Restauraci\u00f3n (CNCR),\u00a0 la Universidad Adolfo Ib\u00e1\u00f1ez (UAI) y la Universidad de La Serena. El seminario se desarrollar\u00e1 en el museo de manera presencial y virtual, adem\u00e1s con talleres en las comunas de Combarbal\u00e1 (27 de mayo &#8211; Centro Cultural Nemesio Ant\u00fanez) y Monte Patria (28 de mayo &#8211; Centro Cultural Hayqui Lonko)<\/p>\n<p style=\"text-align: justify;\">En el primer d\u00eda del Encuentro se abordar\u00e1n las siguientes tem\u00e1ticas: An\u00e1lisis al estado actual del territorio limarino a cargo de Daniela Herrera, encargada de la Oficina T\u00e9cnica Regional Coquimbo del Consejo de Monumentos Nacionales. Para continuar con, Misiones en las iglesias del Norte Chico, tratado por Anita Anselmo del CNCR. Posteriormente se presentar\u00e1 la ponencia Patrimonio Ferroviario a cargo de Marco Sandoval, director del museo ovallino y Memorias del Siglo XX en la Regi\u00f3n de Coquimbo (esta \u00faltima en modalidad on line).<\/p>\n<p style=\"text-align: justify;\">En tanto, el d\u00eda 27 de mayo el seminario contin\u00faa en el museo limarino a las 16 horas con las presentaciones sobre los espacios sacros de Fernando Guzm\u00e1n y Josefina Schencke, investigadores de la UAI.<\/p>\n<p style=\"text-align: justify;\">A las 17 horas ser\u00e1 el turno de Francisco Guerra, encargado regional del Ministerio de Obras P\u00fablicas quien se referir\u00e1 a las Rutas patrimoniales del Limar\u00ed. Posteriormente ser\u00e1 la intervenci\u00f3n del historiador local, Sergio Pe\u00f1a y la Consultora Paisaje Rural Proyecto ZT Barraza. Para finalizar con una mesa redonda moderada por Roxana Seguel, directora del CNCR.<\/p>\n<p style=\"text-align: justify;\">Sobre la relevancia del seminario y sus objetivos, la acad\u00e9mica de la UAI, L\u00eda Karmeli\u0107 explic\u00f3: \u201cComo investigadores vemos caracter\u00edsticas \u00fanicas en el valle del Limar\u00ed, dada la diversidad y riqueza de patrimonio cultural existente y su fuerte vinculaci\u00f3n con el territorio. Se espera privilegiar el trabajo en conjunto con la comunidad en iniciativas de protecci\u00f3n y gesti\u00f3n de los bienes culturales presentes en el valle, en ese sentido, este encuentro marca el comienzo de lo que esperamos sea una larga relaci\u00f3n de ayuda mutua\u201d.<\/p>\n<p style=\"text-align: justify;\">Cabe mencionar que la acad\u00e9mica junto a Priscila Barahona de CNCR colaboraron junto a los otros organismos participantes en la gesti\u00f3n de este importante seminario con presencia en tres comunas del Limar\u00ed.<\/p>\n<p style=\"text-align: justify;\">FIN DE SEMANA<\/p>\n<p style=\"text-align: justify;\">Los d\u00edas centrales del D\u00eda de los Patrimonios son el s\u00e1bado 28 y domingo 29, ocasi\u00f3n en que el Museo y sus servicios se encontrar\u00e1n abiertos desde las 10 am y hasta las 18 horas.<\/p>\n<p style=\"text-align: justify;\">Para este a\u00f1o el museo tendr\u00e1 como es tradicional el ingreso a sus salas de exhibici\u00f3n permanente y temporal y la presencia del Bibliom\u00f3vil del Limar\u00ed pero adem\u00e1s ofrece la novedad de una Feria del Trueque coordinada por la Asociaci\u00f3n Ind\u00edgena Antakari Manta y con la colaboraci\u00f3n de Fomento Productivo, que busca que las personas puedan hacer intercambios de saberes y frutos del trabajo de la tierra, dicha actividad iniciar\u00e1 a las 11 am y culminar\u00e1 a las 17 horas. En tanto, desde las 16:00 horas se presentar\u00e1 el libro \u201cGu\u00eda de patrimonio ind\u00edgena regi\u00f3n de Coquimbo\u201d con la presencia de los autores.<\/p>\n<p style=\"text-align: justify;\">El domingo 29 sigue la apertura de las salas del museo y la presencia del Bibliom\u00f3vil con actividad para ni\u00f1os y ni\u00f1as y la Feria del Trueque desde las 11 a 17 horas. Paralelo a esa actividad desde las 11 am habr\u00e1 una presentaci\u00f3n de teatro infantil.<\/p>\n<p style=\"text-align: justify;\">Al medio d\u00eda se contar\u00e1 con un breve acto encabezado por Macarena Salinas, directora regional del Servicio Nacional del Patrimonio Regional quien har\u00e1 entrega de reconocimientos a personas que han ayudado a rescatar y poner en valor el patrimonio local. Actividad que se cierra con piezas musicales interpretadas por el Orfe\u00f3n Municipal de Ovalle. Para culminar el d\u00eda se presentar\u00e1n los resultados de la investigaci\u00f3n, Identidad, cultura y econom\u00eda en los crianceros de ganado caprino de las comunidades agr\u00edcolas de La Verdiona y Romeralcillo, del autor Ricardo Codoceo, Investigador en la Corporaci\u00f3n de Patrimonio Etnogr\u00e1fico, Coquimbo, Chile.<\/p>\n","protected":false},"excerpt":{"rendered":"<p>Esta versi\u00f3n est\u00e1 marcada por el retorno a la presencialidad con actividades que incluyen seminarios, talleres, feria del trueque, presentaci\u00f3n teatral y m\u00fasica en vivo. Las actividades inician el d\u00eda 26 de mayo con el Encuentro Paisajes Culturales del Limar\u00ed. Una agenda llena de actividades vinculadas a la conmemoraci\u00f3n del<\/p>\n","protected":false},"author":1,"featured_media":988,"comment_status":"closed","ping_status":"open","sticky":false,"template":"","format":"standard","meta":{"footnotes":""},"categories":[16],"tags":[],"class_list":["post-983","post","type-post","status-publish","format-standard","has-post-thumbnail","hentry","category-seremi-de-cultura"],"_links":{"self":[{"href":"https:\/\/minutaregional.cl\/index.php?rest_route=\/wp\/v2\/posts\/983","targetHints":{"allow":["GET"]}}],"collection":[{"href":"https:\/\/minutaregional.cl\/index.php?rest_route=\/wp\/v2\/posts"}],"about":[{"href":"https:\/\/minutaregional.cl\/index.php?rest_route=\/wp\/v2\/types\/post"}],"author":[{"embeddable":true,"href":"https:\/\/minutaregional.cl\/index.php?rest_route=\/wp\/v2\/users\/1"}],"replies":[{"embeddable":true,"href":"https:\/\/minutaregional.cl\/index.php?rest_route=%2Fwp%2Fv2%2Fcomments&post=983"}],"version-history":[{"count":1,"href":"https:\/\/minutaregional.cl\/index.php?rest_route=\/wp\/v2\/posts\/983\/revisions"}],"predecessor-version":[{"id":991,"href":"https:\/\/minutaregional.cl\/index.php?rest_route=\/wp\/v2\/posts\/983\/revisions\/991"}],"wp:featuredmedia":[{"embeddable":true,"href":"https:\/\/minutaregional.cl\/index.php?rest_route=\/wp\/v2\/media\/988"}],"wp:attachment":[{"href":"https:\/\/minutaregional.cl\/index.php?rest_route=%2Fwp%2Fv2%2Fmedia&parent=983"}],"wp:term":[{"taxonomy":"category","embeddable":true,"href":"https:\/\/minutaregional.cl\/index.php?rest_route=%2Fwp%2Fv2%2Fcategories&post=983"},{"taxonomy":"post_tag","embeddable":true,"href":"https:\/\/minutaregional.cl\/index.php?rest_route=%2Fwp%2Fv2%2Ftags&post=983"}],"curies":[{"name":"wp","href":"https:\/\/api.w.org\/{rel}","templated":true}]}}