{"id":979,"date":"2022-05-25T13:24:06","date_gmt":"2022-05-25T13:24:06","guid":{"rendered":"https:\/\/minutaregional.cl\/?p=979"},"modified":"2022-05-25T13:24:06","modified_gmt":"2022-05-25T13:24:06","slug":"ministerio-de-agricultura-transfiere-recursos-por-1-747-millones-para-las-15-comunas-en-emergencia-agricola-de-la-region-de-coquimbo","status":"publish","type":"post","link":"https:\/\/minutaregional.cl\/?p=979","title":{"rendered":"Ministerio de Agricultura Transfiere Recursos por $1.747 Millones para las 15 Comunas en Emergencia Agr\u00edcola de la Regi\u00f3n de Coquimbo"},"content":{"rendered":"<audio class=\"wp-audio-shortcode\" id=\"audio-979-1\" preload=\"none\" style=\"width: 100%;\" controls=\"controls\"><source type=\"audio\/mpeg\" src=\"https:\/\/minutaregional.cl\/wp-content\/uploads\/2022\/05\/AlcaldeAndacollo_24-05.mp3?_=1\" \/><a href=\"https:\/\/minutaregional.cl\/wp-content\/uploads\/2022\/05\/AlcaldeAndacollo_24-05.mp3\">https:\/\/minutaregional.cl\/wp-content\/uploads\/2022\/05\/AlcaldeAndacollo_24-05.mp3<\/a><\/audio>\n<p>AUDIO : ALCALDE DE ANDACOLLO<\/p>\n<ul>\n<li style=\"text-align: justify;\"><strong><em>La medida se enmarca en el Programa Siembra por Chile y beneficiar\u00e1 a 5.826 agricultores y agricultoras afectados por la prolongada sequ\u00eda en la Regi\u00f3n de Coquimbo.\u00a0\u00a0<\/em><\/strong><\/li>\n<\/ul>\n<p style=\"text-align: justify;\"><strong>\u00a0<\/strong>Para ir en apoyo de los agricultores y agricultoras afectados por la prolongada sequ\u00eda que afecta a la Regi\u00f3n de Coquimbo, el ministro de Agricultura, Esteban Valenzuela encabez\u00f3 una ceremonia para la transferencia de recursos por\u00a0$1.747 millones 800 mil que beneficiar\u00e1n a\u00a05.826 personas de las 15 comunas en emergencia agr\u00edcola de la zona.<\/p>\n<p style=\"text-align: justify;\"><strong>\u201cVinimos con el Presidente Gabriel Boric y hemos cumplido. Esta es la regi\u00f3n que m\u00e1s recursos est\u00e1 recibiendo por la tremenda emergencia h\u00eddrica que ha afectado tanto a los cultivos como tambi\u00e9n la masa ganadera, el arbolado y todo el ecosistema agr\u00edcola. Una ayuda que adem\u00e1s en un acto de confianza del Gobierno y el Ministerio de Agricultura con los municipios\u201d<\/strong>, se\u00f1al\u00f3 el ministro Esteban Valenzuela tras la entrega que se enmarca en el programa Siembra por Chile.<\/p>\n<p style=\"text-align: justify;\">Asimismo, la autoridad gubernamental destac\u00f3 el trabajo mancomunado de los diferentes servicios para enfrentar la sequ\u00eda. <strong>\u201cEn algunas comunas ser\u00e1 para mejora de suelos, en otro sistema de membranas para los canales, en otro forraje para ganado caprino. Adem\u00e1s, con la gobernadora seguiremos trabajando en este enfoque de responsabilidad, de agricultura din\u00e1mica y sustentable. Todos los servicios p\u00fablicos, junto al delegado, coordinados ante la crisis h\u00eddrica, en colaboraci\u00f3n con los municipios, alcaldesas y alcaldes\u201d<\/strong>, dijo.<\/p>\n<p style=\"text-align: justify;\">En tanto, la gobernadora regional, Krist Naranjo resalt\u00f3 que <strong>\u201cllegan en muy buen momento estos recursos a nuestra regi\u00f3n. Hemos tenido una crisis h\u00eddrica que cumple casi 14 a\u00f1os y poder resolverlo es imprescindible. Hoy se agradece que el Presidente Gabriel Boric a trav\u00e9s del ministro Valenzuela cumpla su palabra de adjudicar recursos tambi\u00e9n a usuarios no INDAP\u201d<\/strong>.<\/p>\n<p style=\"text-align: justify;\">El delegado presidencial regional, Rub\u00e9n Quezada, manifest\u00f3 que <strong>\u201cestos recursos se complementan con una serie de esfuerzos que se est\u00e1n haciendo desde el Gobierno Regional, tambi\u00e9n de cada una de las carteras de los distintos servicios y la colaboraci\u00f3n de alcaldes y alcaldesas\u201d<\/strong>.<\/p>\n<p style=\"text-align: justify;\">Gerald Cerda, alcalde de Andacollo y presidente de la Asociaci\u00f3n Municipios Rurales del Norte Chico apunt\u00f3 que <strong>\u201cestos recursos llegan a paliar situaciones cr\u00edticas temporales. Claramente se agradece que el ministro de Agricultura y las autoridades regionales estemos todas comprometidas hoy junto a las directivas de la ruralidad\u201d<\/strong>.<\/p>\n<p style=\"text-align: justify;\"><strong>Seminario de Pisco\u00a0<\/strong><\/p>\n<p style=\"text-align: justify;\">Durante la jornada, el ministro Valenzuela asisti\u00f3 al Seminario del Pisco realizado en el INACAP de La Serena, instancia en la que la autoridad se reuni\u00f3\u00a0con productores de pisco para analizar la situaci\u00f3n actual de la industria.<\/p>\n<p style=\"text-align: justify;\">Tras el seminario,<strong>\u00a0<\/strong>el ministro tambi\u00e9n destac\u00f3\u00a0la organizaci\u00f3n del sector y se\u00f1al\u00f3 que <strong>\u201c<\/strong><strong>estamos muy contentos de estar con una de las industrias del sector agropecuario m\u00e1s valiosas y ejemplares del pa\u00eds. Los pisqueros, junto a la industria lechera, se basan en cooperativas y en una colaboraci\u00f3n entre los actores de distintas provincias y eso lo apreciamos de gran manera. Tambi\u00e9n destacamos la existencia del car\u00e1cter plural, en el sentido de que hay productores que se reconocen diaguitas y eso le da mucho m\u00e1s valor patrimonial al pisco\u201d<\/strong>.<strong>\u00a0<\/strong><\/p>\n<p style=\"text-align: justify;\">Por su parte, Francisco Munizaga, presidente de la Asociaci\u00f3n de Productores de Pisco de Chile, celebr\u00f3 la presencia del titular de Agricultura. <strong>\u201cMuy contentos de la visita del ministro a este seminario que estamos organizando entorno a la denominaci\u00f3n de origen del pisco, especialmente por la celeridad que la va a poner a las situaciones de mayor angustia que tenemos los productores de pisco en general los agricultores por el tema de la sequ\u00eda\u201d<\/strong>, resalt\u00f3.<\/p>\n<p style=\"text-align: justify;\">Finalmente, la jornada la autoridad visit\u00f3 la bio-f\u00e1brica AYNI, conformada por seis usuarios de INDAP, quienes desde el a\u00f1o 2018 elaboran productos derivados de la agroecolog\u00eda.<\/p>\n","protected":false},"excerpt":{"rendered":"<p>AUDIO : ALCALDE DE ANDACOLLO La medida se enmarca en el Programa Siembra por Chile y beneficiar\u00e1 a 5.826 agricultores y agricultoras afectados por la prolongada sequ\u00eda en la Regi\u00f3n de Coquimbo.\u00a0\u00a0 \u00a0Para ir en apoyo de los agricultores y agricultoras afectados por la prolongada sequ\u00eda que afecta a la<\/p>\n","protected":false},"author":1,"featured_media":981,"comment_status":"closed","ping_status":"open","sticky":false,"template":"","format":"standard","meta":{"footnotes":""},"categories":[36],"tags":[],"class_list":["post-979","post","type-post","status-publish","format-standard","has-post-thumbnail","hentry","category-dppcoquimbo"],"_links":{"self":[{"href":"https:\/\/minutaregional.cl\/index.php?rest_route=\/wp\/v2\/posts\/979","targetHints":{"allow":["GET"]}}],"collection":[{"href":"https:\/\/minutaregional.cl\/index.php?rest_route=\/wp\/v2\/posts"}],"about":[{"href":"https:\/\/minutaregional.cl\/index.php?rest_route=\/wp\/v2\/types\/post"}],"author":[{"embeddable":true,"href":"https:\/\/minutaregional.cl\/index.php?rest_route=\/wp\/v2\/users\/1"}],"replies":[{"embeddable":true,"href":"https:\/\/minutaregional.cl\/index.php?rest_route=%2Fwp%2Fv2%2Fcomments&post=979"}],"version-history":[{"count":1,"href":"https:\/\/minutaregional.cl\/index.php?rest_route=\/wp\/v2\/posts\/979\/revisions"}],"predecessor-version":[{"id":982,"href":"https:\/\/minutaregional.cl\/index.php?rest_route=\/wp\/v2\/posts\/979\/revisions\/982"}],"wp:featuredmedia":[{"embeddable":true,"href":"https:\/\/minutaregional.cl\/index.php?rest_route=\/wp\/v2\/media\/981"}],"wp:attachment":[{"href":"https:\/\/minutaregional.cl\/index.php?rest_route=%2Fwp%2Fv2%2Fmedia&parent=979"}],"wp:term":[{"taxonomy":"category","embeddable":true,"href":"https:\/\/minutaregional.cl\/index.php?rest_route=%2Fwp%2Fv2%2Fcategories&post=979"},{"taxonomy":"post_tag","embeddable":true,"href":"https:\/\/minutaregional.cl\/index.php?rest_route=%2Fwp%2Fv2%2Ftags&post=979"}],"curies":[{"name":"wp","href":"https:\/\/api.w.org\/{rel}","templated":true}]}}