{"id":973,"date":"2022-05-24T04:15:14","date_gmt":"2022-05-24T04:15:14","guid":{"rendered":"https:\/\/minutaregional.cl\/?p=973"},"modified":"2022-05-24T04:15:14","modified_gmt":"2022-05-24T04:15:14","slug":"reporte-hidrico-de-aguas-del-valle-se-agudiza-deficit-en-reservas-de-agua-y-nieve-de-la-region-de-coquimbo","status":"publish","type":"post","link":"https:\/\/minutaregional.cl\/?p=973","title":{"rendered":"Reporte H\u00eddrico de Aguas del Valle: Se agudiza d\u00e9ficit en reservas de agua y nieve de la Regi\u00f3n de Coquimbo"},"content":{"rendered":"<ul>\n<li style=\"text-align: justify;\">Pese a las lluvias ca\u00eddas principalmente en Choapa, el nivel de los embalses, aguas superficiales y nieve en la cordillera contin\u00faa disminuyendo progresivamente. Desde la sanitaria reiteran el llamado al uso responsable y consciente del recurso h\u00eddrico.<\/li>\n<\/ul>\n<p style=\"text-align: justify;\"><strong>Regi\u00f3n de Coquimbo, 23 de mayo de 2022.<\/strong> Aguas del Valle dio a conocer una nueva actualizaci\u00f3n de su reporte h\u00eddrico, el que evidencia la grave situaci\u00f3n de sequ\u00eda que afecta a toda la Regi\u00f3n de Coquimbo.<\/p>\n<p style=\"text-align: justify;\">Ante este escenario, el gerente regional de Aguas del Valle, Andr\u00e9s Nazer coment\u00f3 de las medidas que se est\u00e1n tomando desde la sanitaria y reiter\u00f3 el llamado a ser prudente con el uso del agua. \u201cSeguimos monitoreando de forma permanente las cuencas y embalses de nuestra regi\u00f3n y trabajando arduamente en la construcci\u00f3n de nuevos pozos y en la generaci\u00f3n de acuerdos que nos permitan reforzar el sistema para mantener la continuidad del servicio en toda nuestra \u00e1rea de concesi\u00f3n\u201d, dijo.<\/p>\n<p style=\"text-align: justify;\">Seg\u00fan los \u00faltimos registros el d\u00e9ficit de precipitaciones en La Serena alcanza un -97,7% (0,2 mm acumulados); la comuna de Illapel -95,5% (1,4 mm); y Combarbal\u00e1 -99,7% (0,1 mm).<\/p>\n<p style=\"text-align: justify;\">En relaci\u00f3n con la cantidad de agua embalsada, Puclaro (provincia de Elqui) tiene un 24,5% de su capacidad total; La Paloma (provincia del Limar\u00ed) un 11,5%; mientras que en Choapa, El Bato no supera el 5,1%.<\/p>\n<p style=\"text-align: justify;\">En cuanto a la nieve, la Estaci\u00f3n Vega Negra, en la cordillera de la provincia de Limar\u00ed, registra una disminuci\u00f3n de un 99,7% respecto a su promedio anual hist\u00f3rico, con s\u00f3lo 1 mm acumulados.<\/p>\n","protected":false},"excerpt":{"rendered":"<p>Pese a las lluvias ca\u00eddas principalmente en Choapa, el nivel de los embalses, aguas superficiales y nieve en la cordillera contin\u00faa disminuyendo progresivamente. Desde la sanitaria reiteran el llamado al uso responsable y consciente del recurso h\u00eddrico. Regi\u00f3n de Coquimbo, 23 de mayo de 2022. Aguas del Valle dio a<\/p>\n","protected":false},"author":1,"featured_media":974,"comment_status":"closed","ping_status":"open","sticky":false,"template":"","format":"standard","meta":{"footnotes":""},"categories":[45],"tags":[],"class_list":["post-973","post","type-post","status-publish","format-standard","has-post-thumbnail","hentry","category-aguas-del-valle"],"_links":{"self":[{"href":"https:\/\/minutaregional.cl\/index.php?rest_route=\/wp\/v2\/posts\/973","targetHints":{"allow":["GET"]}}],"collection":[{"href":"https:\/\/minutaregional.cl\/index.php?rest_route=\/wp\/v2\/posts"}],"about":[{"href":"https:\/\/minutaregional.cl\/index.php?rest_route=\/wp\/v2\/types\/post"}],"author":[{"embeddable":true,"href":"https:\/\/minutaregional.cl\/index.php?rest_route=\/wp\/v2\/users\/1"}],"replies":[{"embeddable":true,"href":"https:\/\/minutaregional.cl\/index.php?rest_route=%2Fwp%2Fv2%2Fcomments&post=973"}],"version-history":[{"count":1,"href":"https:\/\/minutaregional.cl\/index.php?rest_route=\/wp\/v2\/posts\/973\/revisions"}],"predecessor-version":[{"id":975,"href":"https:\/\/minutaregional.cl\/index.php?rest_route=\/wp\/v2\/posts\/973\/revisions\/975"}],"wp:featuredmedia":[{"embeddable":true,"href":"https:\/\/minutaregional.cl\/index.php?rest_route=\/wp\/v2\/media\/974"}],"wp:attachment":[{"href":"https:\/\/minutaregional.cl\/index.php?rest_route=%2Fwp%2Fv2%2Fmedia&parent=973"}],"wp:term":[{"taxonomy":"category","embeddable":true,"href":"https:\/\/minutaregional.cl\/index.php?rest_route=%2Fwp%2Fv2%2Fcategories&post=973"},{"taxonomy":"post_tag","embeddable":true,"href":"https:\/\/minutaregional.cl\/index.php?rest_route=%2Fwp%2Fv2%2Ftags&post=973"}],"curies":[{"name":"wp","href":"https:\/\/api.w.org\/{rel}","templated":true}]}}