{"id":970,"date":"2022-05-24T04:09:28","date_gmt":"2022-05-24T04:09:28","guid":{"rendered":"https:\/\/minutaregional.cl\/?p=970"},"modified":"2022-05-24T04:09:28","modified_gmt":"2022-05-24T04:09:28","slug":"facultad-de-ingenieria-uls-valida-perfiles-de-carreras-con-autoridades-y-empleadores-de-la-region","status":"publish","type":"post","link":"https:\/\/minutaregional.cl\/?p=970","title":{"rendered":"Facultad de Ingenier\u00eda ULS Valida Perfiles de Carreras con Autoridades y Empleadores de la Regi\u00f3n"},"content":{"rendered":"<p style=\"text-align: justify;\"><em>La instancia se llev\u00f3 a cabo en el Hotel Club La Serena, en la cual se reunieron m\u00e1s de 30 empleadores de distintos rubros que cuentan o han trabajado con egresados de ingenier\u00eda de la ULS.<\/em><\/p>\n<p style=\"text-align: justify;\">Crear nuevos profesionales acordes a lo que realmente necesita la industria, es parte de lo que busca lograr la Facultad de Ingenier\u00eda a trav\u00e9s de la renovaci\u00f3n curricular de sus carreras. Es por esto que, a trav\u00e9s del Proyecto FIULS 2030, se realiz\u00f3 la jornada de \u201cValidaci\u00f3n de Perfiles de Egreso:\u00a0 Ingenieros e Ingenieras del siglo XXI\u201d, en la cual actores relevantes de la industria, autoridades regionales y universitarias, a trav\u00e9s de una encuesta, respondieron cuales son las competencias y habilidades que se requieren hoy en el rubro profesional.<\/p>\n<p style=\"text-align: justify;\">Una de las representantes del servicio p\u00fablico que se hizo presente, fue la Seremi de Salud de Coquimbo, Dra. Paola Salas Rivas quien manifest\u00f3 que estas mejoras y renovaciones curriculares que se presentaron, van acorde con la responsabilidad social y dan respuesta a lo que realmente necesita tanto la poblaci\u00f3n como a las diferentes industrias. \u201c<strong>En estas instancias, podemos tener la mirada real del territorio de los empleadores y ver lo que realmente necesitamos de los ingenieros y las ingenieras. En la cartera que yo dirijo, es tremendamente valioso el poder contar con la informaci\u00f3n para la toma de decisiones. Esta \u00e1rea es vital para poder desarrollar en conjunto, as\u00ed como tambi\u00e9n desarrollar proyectos que den respuesta en relaci\u00f3n a temas como la sequ\u00eda y obviamente la aplicaci\u00f3n de la ingenier\u00eda en la soluci\u00f3n de estos problemas y en la materializaci\u00f3n de soluciones como, por ejemplo; la reutilizaci\u00f3n de aguas grises, donde vamos a necesitar la innovaci\u00f3n de los ingenieros e ingenieras para desarrollar programas que nos ayuden a implementar en los hogares la forma sobre como reutilizar el agua<\/strong>\u201d, se\u00f1al\u00f3 la autoridad regional de salud.<\/p>\n<p style=\"text-align: justify;\">Por su parte, el Decano de la Facultad de Ingenier\u00eda, Dr. Ing. Mauricio Godoy Seura, valor\u00f3 de manera positiva este encuentro donde, adem\u00e1s de poder realizar una retroalimentaci\u00f3n con diferentes actores para seguir avanzando en el proceso de renovaci\u00f3n curricular, se pudo conocer y generar una instancia de intercambio de conocimientos entre diferentes profesionales. \u201c<strong>Hoy, tenemos la necesidad de generar un trabajo inter y multidisciplinario para fortalecer las competencias de nuestros profesionales para que puedan desenvolverse de manera correcta en los distintos rubros, teniendo en cuenta, por ejemplo; la comunicaci\u00f3n efectiva y la responsabilidad social, sin olvidar el tema de la innovaci\u00f3n y creatividad que son tan importantes para desarrollar los diferentes proyectos<\/strong>\u201d, destac\u00f3 la m\u00e1xima autoridad de la Facultad.<\/p>\n<p style=\"text-align: justify;\">Cabe destacar que hoy, las ingenier\u00edas civiles de la Universidad de La Serena, se encuentran en el proceso de renovaci\u00f3n curricular, acciones que permitir\u00e1n analizar y replantear los procesos de aprendizajes, que apunten a la nueva ingenier\u00eda 2030.<\/p>\n","protected":false},"excerpt":{"rendered":"<p>La instancia se llev\u00f3 a cabo en el Hotel Club La Serena, en la cual se reunieron m\u00e1s de 30 empleadores de distintos rubros que cuentan o han trabajado con egresados de ingenier\u00eda de la ULS. Crear nuevos profesionales acordes a lo que realmente necesita la industria, es parte de<\/p>\n","protected":false},"author":1,"featured_media":971,"comment_status":"closed","ping_status":"open","sticky":false,"template":"","format":"standard","meta":{"footnotes":""},"categories":[8],"tags":[],"class_list":["post-970","post","type-post","status-publish","format-standard","has-post-thumbnail","hentry","category-columna-de-opinion"],"_links":{"self":[{"href":"https:\/\/minutaregional.cl\/index.php?rest_route=\/wp\/v2\/posts\/970","targetHints":{"allow":["GET"]}}],"collection":[{"href":"https:\/\/minutaregional.cl\/index.php?rest_route=\/wp\/v2\/posts"}],"about":[{"href":"https:\/\/minutaregional.cl\/index.php?rest_route=\/wp\/v2\/types\/post"}],"author":[{"embeddable":true,"href":"https:\/\/minutaregional.cl\/index.php?rest_route=\/wp\/v2\/users\/1"}],"replies":[{"embeddable":true,"href":"https:\/\/minutaregional.cl\/index.php?rest_route=%2Fwp%2Fv2%2Fcomments&post=970"}],"version-history":[{"count":1,"href":"https:\/\/minutaregional.cl\/index.php?rest_route=\/wp\/v2\/posts\/970\/revisions"}],"predecessor-version":[{"id":972,"href":"https:\/\/minutaregional.cl\/index.php?rest_route=\/wp\/v2\/posts\/970\/revisions\/972"}],"wp:featuredmedia":[{"embeddable":true,"href":"https:\/\/minutaregional.cl\/index.php?rest_route=\/wp\/v2\/media\/971"}],"wp:attachment":[{"href":"https:\/\/minutaregional.cl\/index.php?rest_route=%2Fwp%2Fv2%2Fmedia&parent=970"}],"wp:term":[{"taxonomy":"category","embeddable":true,"href":"https:\/\/minutaregional.cl\/index.php?rest_route=%2Fwp%2Fv2%2Fcategories&post=970"},{"taxonomy":"post_tag","embeddable":true,"href":"https:\/\/minutaregional.cl\/index.php?rest_route=%2Fwp%2Fv2%2Ftags&post=970"}],"curies":[{"name":"wp","href":"https:\/\/api.w.org\/{rel}","templated":true}]}}