{"id":964,"date":"2022-05-24T03:48:44","date_gmt":"2022-05-24T03:48:44","guid":{"rendered":"https:\/\/minutaregional.cl\/?p=964"},"modified":"2022-05-24T03:48:44","modified_gmt":"2022-05-24T03:48:44","slug":"academicos-y-academicas-ucn-participaran-en-el-cuadragesimo-primero-congreso-de-ciencias-del-mar-2022","status":"publish","type":"post","link":"https:\/\/minutaregional.cl\/?p=964","title":{"rendered":"Acad\u00e9micos y acad\u00e9micas UCN participar\u00e1n en el Cuadrag\u00e9simo Primero Congreso de Ciencias del Mar 2022"},"content":{"rendered":"<p class=\"yiv7721103114gmail-MsoListParagraph\" style=\"text-align: justify;\">\u00b7\u00a0\u00a0\u00a0\u00a0\u00a0\u00a0\u00a0\u00a0\u00a0Especialistas de todo Chile se dar\u00e1n cita en Concepci\u00f3n desde el 23 al 27 de mayo.<\/p>\n<p class=\"yiv7721103114MsoNormal\" style=\"text-align: justify;\">Investigadores de diversas universidades nacionales, centros e institutos de investigaci\u00f3n, as\u00ed como algunos invitados internacionales, se reunir\u00e1n 41\u00b0 Congreso de Ciencias del Mar 2022 \u201cLas ciencias del mar en tiempos de cambio\u201d, actividad organizada por la Universidad Cat\u00f3lica de la Sant\u00edsima Concepci\u00f3n (UCSC) y la Sociedad Chilena de Ciencias del Mar (SCHCM), y en la que participar\u00e1n acad\u00e9micos de la Facultad de Ciencias del Mar de la Universidad Cat\u00f3lica del Norte (UCN).<\/p>\n<p class=\"yiv7721103114MsoNormal\" style=\"text-align: justify;\">El congreso se realizar\u00e1 en el Campus San Andr\u00e9s de la UCSC, donde la UCN participar\u00e1 en simposios, cursos y talleres, y con ponencias en las \u00e1reas como Biodiversidad, Biogeograf\u00eda y Conservaci\u00f3n; Gen\u00e9tica y Evoluci\u00f3n; Oceanograf\u00eda Biol\u00f3gica; Oceanograf\u00eda F\u00edsica; Invertebrados Marinos; Gesti\u00f3n, Manejo y Sustentabilidad de Zonas Costeras; Microbiolog\u00eda; Pesquer\u00edas, Acuicultura y Biotecnolog\u00eda; Arqueolog\u00eda, Paleontolog\u00eda y Antropolog\u00eda-Paleoceanograf\u00eda y Paleoclima.<\/p>\n<p class=\"yiv7721103114MsoNormal\" style=\"text-align: justify;\"><b>SIMPOSIOS Y PONENCIAS<\/b><\/p>\n<p class=\"yiv7721103114MsoNormal\" style=\"text-align: justify;\">Entre los\/las acad\u00e9micos\/as participantes del Congreso se encuentra la Dra. Fadia Tala Gonz\u00e1lez, directora ejecutiva del Centro de Investigaci\u00f3n y Desarrollo Tecnol\u00f3gico en Algas y otros Recursos Biol\u00f3gicos (CIDTA) y acad\u00e9mica del Departamento de Biolog\u00eda Marina de la UCN, quien expondr\u00e1 sobre el \u201cUso potencial de algas en la alimentaci\u00f3n de gallinas ponedoras\u201d como parte del proyecto FIC-R \u201cInvestigaci\u00f3n macroalgas como ingrediente funcional para avicultura\u201d (BIP 40014383-0).<\/p>\n<p class=\"yiv7721103114MsoNormal\" style=\"text-align: justify;\">La Dra. Fadia Tala explic\u00f3 que participar en el congreso es \u201cuna oportunidad para difundir las diferentes investigaciones que estamos desarrollando, as\u00ed como para interactuar con la comunidad cient\u00edfica nacional. En espec\u00edfico, el trabajo que presentamos resume resultados experimentales de incorporaci\u00f3n de macroalgas de la Regi\u00f3n de Coquimbo en la alimentaci\u00f3n de gallinas ponedoras, como una iniciativa que busca dar valor agregado a estos recursos y contribuir con un problema de disponibilidad y costos de insumos org\u00e1nicos terrestres usados en la alimentaci\u00f3n animal\u201d. Adem\u00e1s, la Dra. Tala participar\u00e1 en el Simposio \u201cRafting en tiempos de cambio \u2013 estudios sobre algas y objetos flotantes: avances y desaf\u00edo\u201d, junto al Dr. Martin Thiel, tambi\u00e9n del Departamento de Biolog\u00eda Marina.<\/p>\n<p class=\"yiv7721103114MsoNormal\" style=\"text-align: justify;\">Otro de los representantes de la UCN en el Congreso es Marcelo Olivares Arenas, director alterno del Instituto de Pol\u00edticas P\u00fablicas de la UCN quien organiza el Simposio \u201cLaboratorios Naturales en la Costa Chilena\u201d y reunir\u00e1 a las diferentes iniciativas de Laboratorios Naturales, financiadas por la ANID. Al referirse a su participaci\u00f3n en el Congreso, Marcelo Olivares destac\u00f3 la importancia que tiene el poder difundir la iniciativa en el encuentro cient\u00edfico m\u00e1s importante del pa\u00eds en torno a las ciencias del mar, lo que dijo \u201cpermitir\u00e1 discutir respecto al fortalecimiento de la actividad cient\u00edfico-tecnol\u00f3gica con enfoque territorial en base a la singular riqueza natural del oc\u00e9ano chileno y el trabajo que impulsa ANID en torno a laboratorios naturales\u201d.<\/p>\n<p class=\"yiv7721103114MsoNormal\" style=\"text-align: justify;\"><b>ISLAS OCE\u00c1NICAS Y LOS MONTES SUBMARINOS<\/b><\/p>\n<p class=\"yiv7721103114MsoNormal\" style=\"text-align: justify;\">Otros de los temas que se tratar\u00e1n es \u201cAvances en la ciencia para la ecolog\u00eda y manejo sustentable de Islas Oce\u00e1nicas y los Montes Submarinos aleda\u00f1os\u201d, simposio que se desarrollar\u00e1 el martes 24 de mayo, desde las 8:30 horas. Este simposio considera a varios destacados investigadores e investigadoras que mostrar\u00e1n los principales avances cient\u00edficos recientes, que sirven de base para una estrategia de manejo sustentable y conservaci\u00f3n de los ecosistemas marinos asociados a los montes submarinos e islas oce\u00e1nicas de Chile y el Pac\u00edfico, contribuyendo a los Objetivos de Desarrollo Sostenible de la ONU.<\/p>\n<p class=\"yiv7721103114MsoNormal\" style=\"text-align: justify;\">\u201cEl conocimiento cient\u00edfico en los sistemas insulares oce\u00e1nicos chilenos y los montes aleda\u00f1os ha crecido como nunca debido, entre otros, a la creaci\u00f3n del Centro de Ecolog\u00eda y Manejo Sustentable de Islas Oce\u00e1nicas (ESMOI), que re\u00fane a investigadores de numerosas instituciones nacionales e internacionales. Esto ha permitido generar nuevos conocimientos en oceanograf\u00eda, ecolog\u00eda, pesquer\u00edas, manejo, conservaci\u00f3n y sistemas socieoecol\u00f3gicos\u201d, afirm\u00f3 el Dr. Carlos F. Gaymer, director del Centro de Ecolog\u00eda y Manejo Sustentable de Islas Oce\u00e1nicas (ESMOI) de la UCN y coordinador del simposio, en que tambi\u00e9n participar\u00e1n los acad\u00e9micos de la Facultad de Ciencias del Mar de la UCN, Dr. Guillermo Luna Jorquera, Dr. Martin Thiel, Dr. Javier Sellanes L\u00f3pez y Dr. Jaime Aburto Fr\u00edas.<\/p>\n","protected":false},"excerpt":{"rendered":"<p>\u00b7\u00a0\u00a0\u00a0\u00a0\u00a0\u00a0\u00a0\u00a0\u00a0Especialistas de todo Chile se dar\u00e1n cita en Concepci\u00f3n desde el 23 al 27 de mayo. Investigadores de diversas universidades nacionales, centros e institutos de investigaci\u00f3n, as\u00ed como algunos invitados internacionales, se reunir\u00e1n 41\u00b0 Congreso de Ciencias del Mar 2022 \u201cLas ciencias del mar en tiempos de cambio\u201d, actividad organizada<\/p>\n","protected":false},"author":1,"featured_media":965,"comment_status":"closed","ping_status":"open","sticky":false,"template":"","format":"standard","meta":{"footnotes":""},"categories":[8],"tags":[],"class_list":["post-964","post","type-post","status-publish","format-standard","has-post-thumbnail","hentry","category-columna-de-opinion"],"_links":{"self":[{"href":"https:\/\/minutaregional.cl\/index.php?rest_route=\/wp\/v2\/posts\/964","targetHints":{"allow":["GET"]}}],"collection":[{"href":"https:\/\/minutaregional.cl\/index.php?rest_route=\/wp\/v2\/posts"}],"about":[{"href":"https:\/\/minutaregional.cl\/index.php?rest_route=\/wp\/v2\/types\/post"}],"author":[{"embeddable":true,"href":"https:\/\/minutaregional.cl\/index.php?rest_route=\/wp\/v2\/users\/1"}],"replies":[{"embeddable":true,"href":"https:\/\/minutaregional.cl\/index.php?rest_route=%2Fwp%2Fv2%2Fcomments&post=964"}],"version-history":[{"count":1,"href":"https:\/\/minutaregional.cl\/index.php?rest_route=\/wp\/v2\/posts\/964\/revisions"}],"predecessor-version":[{"id":966,"href":"https:\/\/minutaregional.cl\/index.php?rest_route=\/wp\/v2\/posts\/964\/revisions\/966"}],"wp:featuredmedia":[{"embeddable":true,"href":"https:\/\/minutaregional.cl\/index.php?rest_route=\/wp\/v2\/media\/965"}],"wp:attachment":[{"href":"https:\/\/minutaregional.cl\/index.php?rest_route=%2Fwp%2Fv2%2Fmedia&parent=964"}],"wp:term":[{"taxonomy":"category","embeddable":true,"href":"https:\/\/minutaregional.cl\/index.php?rest_route=%2Fwp%2Fv2%2Fcategories&post=964"},{"taxonomy":"post_tag","embeddable":true,"href":"https:\/\/minutaregional.cl\/index.php?rest_route=%2Fwp%2Fv2%2Ftags&post=964"}],"curies":[{"name":"wp","href":"https:\/\/api.w.org\/{rel}","templated":true}]}}