{"id":955,"date":"2022-05-24T03:21:56","date_gmt":"2022-05-24T03:21:56","guid":{"rendered":"https:\/\/minutaregional.cl\/?p=955"},"modified":"2022-05-24T03:21:56","modified_gmt":"2022-05-24T03:21:56","slug":"diputado-manouchehri-propone-arte-deporte-y-meditacion-en-los-colegios-para-reducir-violencia","status":"publish","type":"post","link":"https:\/\/minutaregional.cl\/?p=955","title":{"rendered":"Diputado Manouchehri Propone Arte, Deporte y Meditaci\u00f3n en los Colegios para Reducir Violencia"},"content":{"rendered":"<p style=\"text-align: justify;\">El retorno masivo de los estudiantes a los establecimientos educacionales mostr\u00f3 un alza en el registro de la violencia entre alumnos. Millones de j\u00f3venes estuvieron dos a\u00f1os sin compartir presencialmente con sus compa\u00f1eros y m\u00faltiples factores, como el aislamiento y la ansiedad generada por el contexto de la pandemia del Covid-19, han desencadenado en la violencia escolar como tema pa\u00eds.<\/p>\n<p style=\"text-align: justify;\">\u201cLos colegios se han convertido en un lugar donde se proyecta la violencia en nuestra sociedad. Violencia de la cual todos de alguna u otra manera, por acci\u00f3n u omisi\u00f3n, hemos sido parte\u201d, manifest\u00f3 el diputado por Coquimbo, Daniel Manouchehri.<\/p>\n<p style=\"text-align: justify;\">Analizando el contexto hist\u00f3rico de la educaci\u00f3n b\u00e1sica y secundaria, el parlamentario enfatiz\u00f3 que los planes del Ministerio de Educaci\u00f3n para combatir la violencia en los colegios no han dado resultado. \u201cCuando hace 20 a\u00f1os se anunci\u00f3 la Jornada Escolar Completa, unas de las promesas que reson\u00f3 fue que la extensi\u00f3n del horario de clases ser\u00eda para otras actividades. Finalmente hemos tenido una sobrecarga de materia, sin siquiera tener mejores resultados en esta\u201d, evidenci\u00f3.<\/p>\n<p style=\"text-align: justify;\"><strong>Deporte, arte y meditaci\u00f3n en los colegios<\/strong><\/p>\n<p style=\"text-align: justify;\">Ante los diversos eventos con el retorno masivo a clases presenciales, el parlamentario socialista propone tres ejes para resolver las necesidades de los estudiantes en cuanto a salud mental: deporte, arte y meditaci\u00f3n.<\/p>\n<p style=\"text-align: justify;\">\u201cPrimero, planes de deportes a nivel competitivo. El deporte es salud, bienestar y felicidad. En segundo lugar, el arte y la cultura como herramienta del alimento para el esp\u00edritu. Y, en tercer lugar, espacios diarios de meditaci\u00f3n al inicio de la jornada escolar. La meditaci\u00f3n es una pr\u00e1ctica milenaria que baja los niveles de ansiedad y genera mayores grados de conciencia. Si ense\u00f1amos a nuestros ni\u00f1os y ni\u00f1as a cultivar esta t\u00e9cnica, sin duda contribuiremos a una mejor sociedad\u201d, resalt\u00f3 Manouchehri.<\/p>\n<p style=\"text-align: justify;\">Asimismo, hizo un llamado a sus colegas parlamentarios y autoridades para llegar a un acuerdo transversal. \u201cEste no es un tema de \u2018izquierdas\u2019 ni de \u2018derechas\u2019, este es un tema de todos. Lleg\u00f3 el momento de que tengamos un gran acuerdo nacional que erradique la violencia de nuestros colegios\u201d, expres\u00f3 el diputado.<\/p>\n<p style=\"text-align: justify;\">\n<p style=\"text-align: justify;\">\n","protected":false},"excerpt":{"rendered":"<p>El retorno masivo de los estudiantes a los establecimientos educacionales mostr\u00f3 un alza en el registro de la violencia entre alumnos. Millones de j\u00f3venes estuvieron dos a\u00f1os sin compartir presencialmente con sus compa\u00f1eros y m\u00faltiples factores, como el aislamiento y la ansiedad generada por el contexto de la pandemia del<\/p>\n","protected":false},"author":1,"featured_media":956,"comment_status":"closed","ping_status":"open","sticky":false,"template":"","format":"standard","meta":{"footnotes":""},"categories":[26],"tags":[],"class_list":["post-955","post","type-post","status-publish","format-standard","has-post-thumbnail","hentry","category-camara-de-diputadas-y-diputados"],"_links":{"self":[{"href":"https:\/\/minutaregional.cl\/index.php?rest_route=\/wp\/v2\/posts\/955","targetHints":{"allow":["GET"]}}],"collection":[{"href":"https:\/\/minutaregional.cl\/index.php?rest_route=\/wp\/v2\/posts"}],"about":[{"href":"https:\/\/minutaregional.cl\/index.php?rest_route=\/wp\/v2\/types\/post"}],"author":[{"embeddable":true,"href":"https:\/\/minutaregional.cl\/index.php?rest_route=\/wp\/v2\/users\/1"}],"replies":[{"embeddable":true,"href":"https:\/\/minutaregional.cl\/index.php?rest_route=%2Fwp%2Fv2%2Fcomments&post=955"}],"version-history":[{"count":1,"href":"https:\/\/minutaregional.cl\/index.php?rest_route=\/wp\/v2\/posts\/955\/revisions"}],"predecessor-version":[{"id":957,"href":"https:\/\/minutaregional.cl\/index.php?rest_route=\/wp\/v2\/posts\/955\/revisions\/957"}],"wp:featuredmedia":[{"embeddable":true,"href":"https:\/\/minutaregional.cl\/index.php?rest_route=\/wp\/v2\/media\/956"}],"wp:attachment":[{"href":"https:\/\/minutaregional.cl\/index.php?rest_route=%2Fwp%2Fv2%2Fmedia&parent=955"}],"wp:term":[{"taxonomy":"category","embeddable":true,"href":"https:\/\/minutaregional.cl\/index.php?rest_route=%2Fwp%2Fv2%2Fcategories&post=955"},{"taxonomy":"post_tag","embeddable":true,"href":"https:\/\/minutaregional.cl\/index.php?rest_route=%2Fwp%2Fv2%2Ftags&post=955"}],"curies":[{"name":"wp","href":"https:\/\/api.w.org\/{rel}","templated":true}]}}