{"id":952,"date":"2022-05-24T02:20:32","date_gmt":"2022-05-24T02:20:32","guid":{"rendered":"https:\/\/minutaregional.cl\/?p=952"},"modified":"2022-05-24T02:20:32","modified_gmt":"2022-05-24T02:20:32","slug":"delegados-presidenciales-refuerzan-la-cohesion-politica-para-ejecutar-programa-de-gobierno","status":"publish","type":"post","link":"https:\/\/minutaregional.cl\/?p=952","title":{"rendered":"Delegados Presidenciales Refuerzan la Cohesi\u00f3n Pol\u00edtica para Ejecutar Programa de Gobierno"},"content":{"rendered":"<ul>\n<li style=\"text-align: justify;\"><strong><em>Junto a la Ministra del Interior Izkia Siches, las autoridades regionales abordaron el trabajo a realizar para los pr\u00f3ximos meses, con \u00e9nfasis en la seguridad, orden p\u00fablico y recuperaci\u00f3n de espacios para la comunidad.<\/em><\/strong><\/li>\n<\/ul>\n<p style=\"text-align: justify;\"><strong>\u00a0<\/strong>Una intensa jornada de trabajo sostuvieron todos los Delegados Presidenciales del pa\u00eds en el Palacio de la Moneda junto a las autoridades del Ministerio del Interior para reforzar la coordinaci\u00f3n pol\u00edtica entre las autoridades regionales.<\/p>\n<p style=\"text-align: justify;\">Durante la reuni\u00f3n, indic\u00f3 el Delegado Rub\u00e9n Quezada, se revis\u00f3 la planificaci\u00f3n de trabajo para las pr\u00f3ximas semanas y meses, articulando a los servicios sectoriales y coordinados con el Gobierno Regional.<\/p>\n<p style=\"text-align: justify;\">La jornada de trabajo cont\u00f3 con la presencia de la Ministra del Interior Izkia Siches, y los Subsecretarios del Interior, Manuel Monsalve, y de Prevenci\u00f3n del Delito, Eduardo Vergara, entre otras autoridades.<\/p>\n<p style=\"text-align: justify;\">En este sentido, dijo que <strong>\u201cpudimos establecer un contacto directo con la Ministra del Interior y los Subsecretarios del Interior y Prevenci\u00f3n del Delito. Aqu\u00ed entendemos que el trabajo Interior es en conjunto, con toda la estructura, tanto central como local, para la relaci\u00f3n que vamos a tener con los alcaldes y alcaldesa para desarrollar planes de seguridad y destinar presencia policial y prevenci\u00f3n de delito donde m\u00e1s se necesite\u201d<\/strong>.<\/p>\n<p style=\"text-align: justify;\">Y es que la seguridad y el orden p\u00fablico est\u00e1n entre los temas urgentes que est\u00e1 abordando el Gobierno. A nivel local, el Delegado Quezada repas\u00f3 con las autoridades del Ministerio del Interior las principales acciones ejecutadas este \u00faltimo tiempo, como el reforzamiento policial en la comuna de Coquimbo y la articulaci\u00f3n con vecinos y vecinas para la recuperaci\u00f3n de espacios p\u00fablicos.<\/p>\n<p style=\"text-align: justify;\"><strong>\u00a0<\/strong><strong>\u201cDe norte a sur discutimos una serie de problemas que son los que, precisamente, aquejan a la ciudadan\u00eda. Ya tenemos una hoja de ruta en la que vamos a abordar la agenda inmediata que tiene que ver con estas necesidades, y los cambios estructurales\u00a0 que necesitamos hacer y que est\u00e1n considerados en nuestro programa de Gobierno\u201d<\/strong>, sostuvo el Delegado Regional.<\/p>\n<p style=\"text-align: justify;\">La autoridad regional enfatiz\u00f3 que la articulaci\u00f3n entre servicios es fundamental para avanzar en la ejecuci\u00f3n del Plan de Gobierno y, especialmente, en la agenda de seguridad. Al respecto, puntualiz\u00f3 que <strong>\u201cpor ejemplo, iremos fuertemente con el Plan Menos Armas, M\u00e1s Seguridad para sacar de circulaci\u00f3n las armas que se usan en los delitos de mayor connotaci\u00f3n, donde se ha producido su aumento y en situaciones graves como homicidios, asaltos a viviendas, portonazos y comercio establecido\u201d<\/strong>.<\/p>\n","protected":false},"excerpt":{"rendered":"<p>Junto a la Ministra del Interior Izkia Siches, las autoridades regionales abordaron el trabajo a realizar para los pr\u00f3ximos meses, con \u00e9nfasis en la seguridad, orden p\u00fablico y recuperaci\u00f3n de espacios para la comunidad. \u00a0Una intensa jornada de trabajo sostuvieron todos los Delegados Presidenciales del pa\u00eds en el Palacio de<\/p>\n","protected":false},"author":1,"featured_media":953,"comment_status":"closed","ping_status":"open","sticky":false,"template":"","format":"standard","meta":{"footnotes":""},"categories":[36],"tags":[],"class_list":["post-952","post","type-post","status-publish","format-standard","has-post-thumbnail","hentry","category-dppcoquimbo"],"_links":{"self":[{"href":"https:\/\/minutaregional.cl\/index.php?rest_route=\/wp\/v2\/posts\/952","targetHints":{"allow":["GET"]}}],"collection":[{"href":"https:\/\/minutaregional.cl\/index.php?rest_route=\/wp\/v2\/posts"}],"about":[{"href":"https:\/\/minutaregional.cl\/index.php?rest_route=\/wp\/v2\/types\/post"}],"author":[{"embeddable":true,"href":"https:\/\/minutaregional.cl\/index.php?rest_route=\/wp\/v2\/users\/1"}],"replies":[{"embeddable":true,"href":"https:\/\/minutaregional.cl\/index.php?rest_route=%2Fwp%2Fv2%2Fcomments&post=952"}],"version-history":[{"count":1,"href":"https:\/\/minutaregional.cl\/index.php?rest_route=\/wp\/v2\/posts\/952\/revisions"}],"predecessor-version":[{"id":954,"href":"https:\/\/minutaregional.cl\/index.php?rest_route=\/wp\/v2\/posts\/952\/revisions\/954"}],"wp:featuredmedia":[{"embeddable":true,"href":"https:\/\/minutaregional.cl\/index.php?rest_route=\/wp\/v2\/media\/953"}],"wp:attachment":[{"href":"https:\/\/minutaregional.cl\/index.php?rest_route=%2Fwp%2Fv2%2Fmedia&parent=952"}],"wp:term":[{"taxonomy":"category","embeddable":true,"href":"https:\/\/minutaregional.cl\/index.php?rest_route=%2Fwp%2Fv2%2Fcategories&post=952"},{"taxonomy":"post_tag","embeddable":true,"href":"https:\/\/minutaregional.cl\/index.php?rest_route=%2Fwp%2Fv2%2Ftags&post=952"}],"curies":[{"name":"wp","href":"https:\/\/api.w.org\/{rel}","templated":true}]}}