{"id":937,"date":"2022-05-22T06:04:14","date_gmt":"2022-05-22T06:04:14","guid":{"rendered":"https:\/\/minutaregional.cl\/?p=937"},"modified":"2022-05-22T06:04:34","modified_gmt":"2022-05-22T06:04:34","slug":"pdi-recupera-el-arma-que-habria-sido-usada-en-crimen-del-agricultor-de-pan-de-azucar","status":"publish","type":"post","link":"https:\/\/minutaregional.cl\/?p=937","title":{"rendered":"PDI RECUPERA EL ARMA QUE HABR\u00cdA SIDO USADA EN CRIMEN DEL AGRICULTOR DE PAN DE AZ\u00daCAR"},"content":{"rendered":"<p style=\"text-align: justify;\">Detectives especialistas del Departamento de Operaciones Subacu\u00e1ticas realizaron el rastreo en el Humedal Rio Elqui, ubicado al norte del Faro Monumental, en la costa de La Serena.<\/p>\n<p style=\"text-align: justify;\">La investigaci\u00f3n del crimen de un agricultor de Pan de Az\u00facar, ocurrido en la noche del pasado uno de mayo, durante esta jornada llev\u00f3 a los detectives de la Brigada de Homicidios La Serena a trasladarse hacia la costa de la ciudad, al norte del Faro Monumental.<\/p>\n<p style=\"text-align: justify;\">El rastreo se desarroll\u00f3 en el humedal R\u00edo Elqui, cercano a una zona residencial, tarea que se complement\u00f3 con especialistas del Departamento de Operaciones Subacu\u00e1ticas de la PDI, para buscar un arma que habr\u00eda sido utilizada por el imputado, para terminar con la vida del productor agr\u00edcola, de 64 a\u00f1os.<\/p>\n<p style=\"text-align: justify;\"><strong><em>\u201cEl trabajo de an\u00e1lisis criminal e inteligencia policial que realizamos en la zona del humedal en conjunto con los detectives de la Brigada de Homicidios La Serena, tuvo resultados positivos. Realizamos una labor de prospecci\u00f3n, georreferenciaci\u00f3n y b\u00fasqueda de indicio de evidencias que forman parte de la investigaci\u00f3n. Usando diversos medios tecnol\u00f3gicos propios de esta especialidad, logramos ubicar un arma larga que estaba sumergida con sus municiones. Desarrollamos la criminal\u00edstica de campo, para poder fijar, levantar y remitir esta evidencia\u201d,<\/em><\/strong> se\u00f1al\u00f3 el comisario Sebasti\u00e1n Morales, del Departamento de Operaciones Subacu\u00e1ticas de la PDI.<\/p>\n<p style=\"text-align: justify;\">Esta es una tarea de alta complejidad, porque se encuentra en una zona inundada y en un medio natural que es desconocido para el ser humano. En este contexto, los medios tecnol\u00f3gicos, la experiencia de los especialistas y la coordinaci\u00f3n con la Brigada de Homicidios resultaron clave para la ubicaci\u00f3n del arma presuntamente usada en el crimen.<\/p>\n<p style=\"text-align: justify;\"><strong><em>\u201cSe encontr\u00f3 una escopeta de dos ca\u00f1ones, calibre 12 mm, marca Laurona, que coincide con las caracter\u00edsticas planteadas en la declaraci\u00f3n del imputado y con la zona donde habr\u00eda ocultado el arma de fuego. El equipo especialista de la PDI levant\u00f3 la evidencia y, en terreno, la remiti\u00f3 al Laboratorio de Criminal\u00edstica Regional para el an\u00e1lisis de los peritos\u201d,<\/em><\/strong> se\u00f1al\u00f3 el subcomisario Gary Ortega, de la Brigada de Homicidios La Serena.<\/p>\n<p style=\"text-align: justify;\">Adem\u00e1s de la b\u00fasqueda e indicio de evidencias, el equipo especialista de la PDI, proveniente de la regi\u00f3n Metropolitana, se dedica a detectar el narcotr\u00e1fico mar\u00edtimo, peritaje y patrimonio cultural subacu\u00e1tico, entre otras labores de rigor t\u00e9cnico cient\u00edfico, que apuntan a cerrar el ciclo de una investigaci\u00f3n criminal.<\/p>\n<p>&nbsp;<\/p>\n","protected":false},"excerpt":{"rendered":"<p>Detectives especialistas del Departamento de Operaciones Subacu\u00e1ticas realizaron el rastreo en el Humedal Rio Elqui, ubicado al norte del Faro Monumental, en la costa de La Serena. La investigaci\u00f3n del crimen de un agricultor de Pan de Az\u00facar, ocurrido en la noche del pasado uno de mayo, durante esta jornada<\/p>\n","protected":false},"author":1,"featured_media":938,"comment_status":"closed","ping_status":"open","sticky":false,"template":"","format":"standard","meta":{"footnotes":""},"categories":[14],"tags":[],"class_list":["post-937","post","type-post","status-publish","format-standard","has-post-thumbnail","hentry","category-pdi"],"_links":{"self":[{"href":"https:\/\/minutaregional.cl\/index.php?rest_route=\/wp\/v2\/posts\/937","targetHints":{"allow":["GET"]}}],"collection":[{"href":"https:\/\/minutaregional.cl\/index.php?rest_route=\/wp\/v2\/posts"}],"about":[{"href":"https:\/\/minutaregional.cl\/index.php?rest_route=\/wp\/v2\/types\/post"}],"author":[{"embeddable":true,"href":"https:\/\/minutaregional.cl\/index.php?rest_route=\/wp\/v2\/users\/1"}],"replies":[{"embeddable":true,"href":"https:\/\/minutaregional.cl\/index.php?rest_route=%2Fwp%2Fv2%2Fcomments&post=937"}],"version-history":[{"count":1,"href":"https:\/\/minutaregional.cl\/index.php?rest_route=\/wp\/v2\/posts\/937\/revisions"}],"predecessor-version":[{"id":939,"href":"https:\/\/minutaregional.cl\/index.php?rest_route=\/wp\/v2\/posts\/937\/revisions\/939"}],"wp:featuredmedia":[{"embeddable":true,"href":"https:\/\/minutaregional.cl\/index.php?rest_route=\/wp\/v2\/media\/938"}],"wp:attachment":[{"href":"https:\/\/minutaregional.cl\/index.php?rest_route=%2Fwp%2Fv2%2Fmedia&parent=937"}],"wp:term":[{"taxonomy":"category","embeddable":true,"href":"https:\/\/minutaregional.cl\/index.php?rest_route=%2Fwp%2Fv2%2Fcategories&post=937"},{"taxonomy":"post_tag","embeddable":true,"href":"https:\/\/minutaregional.cl\/index.php?rest_route=%2Fwp%2Fv2%2Ftags&post=937"}],"curies":[{"name":"wp","href":"https:\/\/api.w.org\/{rel}","templated":true}]}}