{"id":931,"date":"2022-05-22T05:58:07","date_gmt":"2022-05-22T05:58:07","guid":{"rendered":"https:\/\/minutaregional.cl\/?p=931"},"modified":"2022-05-22T05:58:07","modified_gmt":"2022-05-22T05:58:07","slug":"diputado-manouchehri-y-propuesta-de-legislar-mediante-decretos-asi-legislaba-pinochet","status":"publish","type":"post","link":"https:\/\/minutaregional.cl\/?p=931","title":{"rendered":"Diputado Manouchehri y Propuesta de Legislar Mediante Decretos: \u201cAs\u00ed legislaba Pinochet\u201d"},"content":{"rendered":"<audio class=\"wp-audio-shortcode\" id=\"audio-931-1\" preload=\"none\" style=\"width: 100%;\" controls=\"controls\"><source type=\"audio\/mpeg\" src=\"https:\/\/minutaregional.cl\/wp-content\/uploads\/2022\/05\/CUNA-D-Manouchehri-DECRETOS-CC-20may2022.mp3?_=1\" \/><a href=\"https:\/\/minutaregional.cl\/wp-content\/uploads\/2022\/05\/CUNA-D-Manouchehri-DECRETOS-CC-20may2022.mp3\">https:\/\/minutaregional.cl\/wp-content\/uploads\/2022\/05\/CUNA-D-Manouchehri-DECRETOS-CC-20may2022.mp3<\/a><\/audio>\n<p>AUDIO Diputado\u00a0 Daniel Manouchehri<\/p>\n<p style=\"text-align: justify;\">En el marco de la transici\u00f3n constitucional, la Comisi\u00f3n de Normas Transitorias de la Convenci\u00f3n recibi\u00f3 diversas sugerencias desde el Tribunal Constitucional, la Contralor\u00eda General y la Corte Suprema. En esa l\u00ednea surgi\u00f3 la iniciativa desde diversos convencionales de crear la figura de un nuevo \u201cDecreto con Fuerza de Ley Adecuatorio\u201d, con el fin de regular asuntos administrativos en caso de aprobarse la propuesta de la Convenci\u00f3n.<\/p>\n<p style=\"text-align: justify;\">El diputado socialista Daniel Manouchehri expres\u00f3 su rechazo ante el avance de la moci\u00f3n en el proceso de normas transitorias. \u201cLegislar mediante decretos es propio de las dictaduras. As\u00ed legislaba Pinochet. As\u00ed mueren las democracias. Entiendo qu\u00e9 para algunos la democracia no es algo importante, pero para la amplia mayor\u00eda de los chilenos si lo es.\u201d, destac\u00f3 el parlamentario.<\/p>\n<p style=\"text-align: justify;\">La idea de dictar Decretos con Fuerza de Ley Adecuatorios (DFLA) dar\u00eda mayores atribuciones al poder Ejecutivo sobre el rol legislativo del Congreso. En la instancia, el Ejecutivo sugiri\u00f3 que los decretos puedan servir como \u201cincentivo\u201d para que el Congreso legisle con prontitud de ciertas materias.<\/p>\n<p style=\"text-align: justify;\">Al respecto, el diputado por la Regi\u00f3n de Coquimbo se\u00f1al\u00f3 que \u201choy ya existen Decretos con Fuerza de Ley, pero siempre autorizados por el Congreso, debi\u00e9ndose dictar en un plazo m\u00e1ximo de un a\u00f1o y siempre que no se afecten derechos fundamentales. No veo raz\u00f3n alguna para modificar eso\u201d<\/p>\n<p>&nbsp;<\/p>\n","protected":false},"excerpt":{"rendered":"<p>AUDIO Diputado\u00a0 Daniel Manouchehri En el marco de la transici\u00f3n constitucional, la Comisi\u00f3n de Normas Transitorias de la Convenci\u00f3n recibi\u00f3 diversas sugerencias desde el Tribunal Constitucional, la Contralor\u00eda General y la Corte Suprema. En esa l\u00ednea surgi\u00f3 la iniciativa desde diversos convencionales de crear la figura de un nuevo \u201cDecreto<\/p>\n","protected":false},"author":1,"featured_media":934,"comment_status":"closed","ping_status":"open","sticky":false,"template":"","format":"standard","meta":{"footnotes":""},"categories":[26],"tags":[],"class_list":["post-931","post","type-post","status-publish","format-standard","has-post-thumbnail","hentry","category-camara-de-diputadas-y-diputados"],"_links":{"self":[{"href":"https:\/\/minutaregional.cl\/index.php?rest_route=\/wp\/v2\/posts\/931","targetHints":{"allow":["GET"]}}],"collection":[{"href":"https:\/\/minutaregional.cl\/index.php?rest_route=\/wp\/v2\/posts"}],"about":[{"href":"https:\/\/minutaregional.cl\/index.php?rest_route=\/wp\/v2\/types\/post"}],"author":[{"embeddable":true,"href":"https:\/\/minutaregional.cl\/index.php?rest_route=\/wp\/v2\/users\/1"}],"replies":[{"embeddable":true,"href":"https:\/\/minutaregional.cl\/index.php?rest_route=%2Fwp%2Fv2%2Fcomments&post=931"}],"version-history":[{"count":1,"href":"https:\/\/minutaregional.cl\/index.php?rest_route=\/wp\/v2\/posts\/931\/revisions"}],"predecessor-version":[{"id":936,"href":"https:\/\/minutaregional.cl\/index.php?rest_route=\/wp\/v2\/posts\/931\/revisions\/936"}],"wp:featuredmedia":[{"embeddable":true,"href":"https:\/\/minutaregional.cl\/index.php?rest_route=\/wp\/v2\/media\/934"}],"wp:attachment":[{"href":"https:\/\/minutaregional.cl\/index.php?rest_route=%2Fwp%2Fv2%2Fmedia&parent=931"}],"wp:term":[{"taxonomy":"category","embeddable":true,"href":"https:\/\/minutaregional.cl\/index.php?rest_route=%2Fwp%2Fv2%2Fcategories&post=931"},{"taxonomy":"post_tag","embeddable":true,"href":"https:\/\/minutaregional.cl\/index.php?rest_route=%2Fwp%2Fv2%2Ftags&post=931"}],"curies":[{"name":"wp","href":"https:\/\/api.w.org\/{rel}","templated":true}]}}