{"id":924,"date":"2022-05-22T05:33:01","date_gmt":"2022-05-22T05:33:01","guid":{"rendered":"https:\/\/minutaregional.cl\/?p=924"},"modified":"2022-05-22T05:33:01","modified_gmt":"2022-05-22T05:33:01","slug":"diputado-cuello-y-diputada-castillo-denuncian-a-afp-cuprum-por-campana-en-contra-de-proceso-constituyente","status":"publish","type":"post","link":"https:\/\/minutaregional.cl\/?p=924","title":{"rendered":"Diputado Cuello y Diputada Castillo Denuncian a AFP Cuprum por Campa\u00f1a en Contra de Proceso Constituyente."},"content":{"rendered":"<p><a href=\"https:\/\/minutaregional.cl\/wp-content\/uploads\/2022\/05\/Oficio-Cuprum.pdf\">Oficio Cuprum<\/a><\/p>\n<p style=\"text-align: justify;\">En la ma\u00f1ana de hoy el diputado miembro de la comisi\u00f3n de Trabajo, Luis Cuello y la diputada presidenta de la comisi\u00f3n de Cultura, Artes y Comunicaciones, Nathalie Castillo, solicitaron el pronunciamiento de la Superintendencia de Pensiones sobre la legalidad de la campa\u00f1a de difusi\u00f3n v\u00eda correos electr\u00f3nicos de AFP Cuprum donde se critican normas de la Nueva Constituci\u00f3n en materia de pensiones.<\/p>\n<p style=\"text-align: justify;\">En el oficio se explicita que esta administradora de fondos de pensiones \u201crealiza juicios pol\u00edticos respecto del articulado aprobado en la Convenci\u00f3n Constitucional\u201d, lo cual, bajo la \u00f3ptica de ambos legisladores, vulnerar\u00eda \u201cla normativa vigente\u201d.<\/p>\n<p style=\"text-align: justify;\">Junto a esto, Cuello y Castillo apelaron al antecedente de que la carta a los afiliados de Cuprum, se envi\u00f3 el mismo d\u00eda que la Corte de Apelaciones declar\u00f3 inadmisible un recurso de protecci\u00f3n de la misma AFP lo que la obliga a \u201csuspender una campa\u00f1a propagand\u00edstica de similar tenor en los medios de comunicaci\u00f3n\u201d.<\/p>\n<p style=\"text-align: justify;\">Al respecto el diputado Cuello se\u00f1al\u00f3: \u201cHemos pedido, a trav\u00e9s de un oficio al Superintendente de Pensiones, que imponga sanciones a la AFP Cuprum cuyo Gerente General ha enviado un correo masivo a los afiliados con su opini\u00f3n pol\u00edtica respecto de lo trabajado por la convenci\u00f3n constitucional en materia pensiones. Esta comunicaci\u00f3n es abiertamente ilegal. Me parece que las AFP en su pretensi\u00f3n de salvar un negocio que perjudicado a millones y, en su af\u00e1n de desinformar, se han puesto al margen de la ley\u201d.<\/p>\n<p style=\"text-align: justify;\">Por su parte la diputada Castillo, menciona: \u00abLos poderes econ\u00f3micos buscar\u00e1n de diversas formas deslegitimar el trabajo de la Convenci\u00f3n. AFP Cuprum sigue esa l\u00ednea, enviando carta a afiliados mintiendo e infundiendo temor sobre expropiabildad de fondos\u201d.<\/p>\n<p style=\"text-align: justify;\">A lo anterior, la diputada PC agrega: \u201cFrente al intervencionismo y campa\u00f1a del miedo de la gran empresa, llamamos a la ciudadan\u00eda a informarse sobre lo aprobado por el Pleno y defender la alternativa al modelo de AFP basado en el lucro y en el abuso al trabajo y esfuerzo de millones de trabajadores y trabajadoras\u00bb.<\/p>\n<p>&nbsp;<\/p>\n<p>&nbsp;<\/p>\n","protected":false},"excerpt":{"rendered":"<p>Oficio Cuprum En la ma\u00f1ana de hoy el diputado miembro de la comisi\u00f3n de Trabajo, Luis Cuello y la diputada presidenta de la comisi\u00f3n de Cultura, Artes y Comunicaciones, Nathalie Castillo, solicitaron el pronunciamiento de la Superintendencia de Pensiones sobre la legalidad de la campa\u00f1a de difusi\u00f3n v\u00eda correos electr\u00f3nicos<\/p>\n","protected":false},"author":1,"featured_media":925,"comment_status":"closed","ping_status":"open","sticky":false,"template":"","format":"standard","meta":{"footnotes":""},"categories":[26],"tags":[],"class_list":["post-924","post","type-post","status-publish","format-standard","has-post-thumbnail","hentry","category-camara-de-diputadas-y-diputados"],"_links":{"self":[{"href":"https:\/\/minutaregional.cl\/index.php?rest_route=\/wp\/v2\/posts\/924","targetHints":{"allow":["GET"]}}],"collection":[{"href":"https:\/\/minutaregional.cl\/index.php?rest_route=\/wp\/v2\/posts"}],"about":[{"href":"https:\/\/minutaregional.cl\/index.php?rest_route=\/wp\/v2\/types\/post"}],"author":[{"embeddable":true,"href":"https:\/\/minutaregional.cl\/index.php?rest_route=\/wp\/v2\/users\/1"}],"replies":[{"embeddable":true,"href":"https:\/\/minutaregional.cl\/index.php?rest_route=%2Fwp%2Fv2%2Fcomments&post=924"}],"version-history":[{"count":1,"href":"https:\/\/minutaregional.cl\/index.php?rest_route=\/wp\/v2\/posts\/924\/revisions"}],"predecessor-version":[{"id":927,"href":"https:\/\/minutaregional.cl\/index.php?rest_route=\/wp\/v2\/posts\/924\/revisions\/927"}],"wp:featuredmedia":[{"embeddable":true,"href":"https:\/\/minutaregional.cl\/index.php?rest_route=\/wp\/v2\/media\/925"}],"wp:attachment":[{"href":"https:\/\/minutaregional.cl\/index.php?rest_route=%2Fwp%2Fv2%2Fmedia&parent=924"}],"wp:term":[{"taxonomy":"category","embeddable":true,"href":"https:\/\/minutaregional.cl\/index.php?rest_route=%2Fwp%2Fv2%2Fcategories&post=924"},{"taxonomy":"post_tag","embeddable":true,"href":"https:\/\/minutaregional.cl\/index.php?rest_route=%2Fwp%2Fv2%2Ftags&post=924"}],"curies":[{"name":"wp","href":"https:\/\/api.w.org\/{rel}","templated":true}]}}