{"id":921,"date":"2022-05-22T05:24:07","date_gmt":"2022-05-22T05:24:07","guid":{"rendered":"https:\/\/minutaregional.cl\/?p=921"},"modified":"2022-05-22T05:24:07","modified_gmt":"2022-05-22T05:24:07","slug":"llegaron-al-mall-mypes-coquimbanas-consolidan-su-oferta-en-espacio-de-emprendedores","status":"publish","type":"post","link":"https:\/\/minutaregional.cl\/?p=921","title":{"rendered":"Llegaron al mall: Mypes Coquimbanas Consolidan su Oferta en Espacio de Emprendedores"},"content":{"rendered":"<p style=\"text-align: justify;\">Apoyo del Centro de Negocios Sercotec Coquimbo permiti\u00f3 una alianza con Vivo Mall Coquimbo para la llegada de productos de manufactura local.<\/p>\n<p style=\"text-align: justify;\"><strong>Coquimbo.- <\/strong>Artesan\u00edas, joyas, accesorios, vestuario y hasta cosm\u00e9tica, de eso y m\u00e1s tiene \u201cEspacio Emprendedores\u201d una zona de comercializaci\u00f3n en la que 15 microempresas de Coquimbo pueden ofrecer directamente sus productos a las miles de personas que circulan a diario por los pasillos de VIVO Mall Coquimbo.<\/p>\n<p style=\"text-align: justify;\">Una instancia in\u00e9dita para peque\u00f1as empresarias que reconocen en este espacio una tremenda oportunidad para concretar ventas y fidelizar a una clientela que cada vez valora m\u00e1s la buena factura y los dise\u00f1os \u00fanicos que ofrecen quienes generan productos locales.<\/p>\n<p style=\"text-align: justify;\">Al respecto, Valentina Arcos, de Pecheras Kimel\u00fc, destac\u00f3 que <strong>\u201cestoy s\u00faper contenta de que todo el empe\u00f1o que le hemos puesto a los talleres y asesor\u00edas en los que participamos junto al Centro de Negocios Sercotec Coquimbo hoy nos permita estar en este espacio tan bonito haciendo nuevos clientes y reafirmando que las mypes somos capaces de desarrollar productos de alt\u00edsima calidad que terminan siendo un regalo para uno o para los dem\u00e1s\u201d.<\/strong><\/p>\n<p style=\"text-align: justify;\">En el mismo sentido, el director regional (S) de Sercotec Coquimbo, \u00d3scar Bernal, destac\u00f3 que <strong>\u201cesta alianza que hoy permite que mypes locales lleguen a Vivo Mall Coquimbo nos llena de optimismo, porque vemos c\u00f3mo quienes hoy son el principal punto de comercializaci\u00f3n del puerto tambi\u00e9n tienen la voluntad de apoyar a peque\u00f1as empresas que buscan dar a conocer todo lo bueno que hacen y as\u00ed consolidarse, generando una sinergia que es bien provechosa para la econom\u00eda local\u201d.<\/strong><\/p>\n<p style=\"text-align: justify;\">Sobre este \u201cEspacio Emprendedores\u201d que puede ser visitado, todos los d\u00edas, hasta el pr\u00f3ximo domingo 29 de mayo, de 10:00 a 20:00 horas en el tercer piso del centro comercial, Claudio D\u00edaz, center manager de VIVO Mall Coquimbo se\u00f1al\u00f3 que <strong>\u201cbuscamos ser parte de la comunidad de forma permanente. Est\u00e1 en nuestra propuesta de servicio para nuestros clientes ser parte activa de la comunidad coquimbana, por ello es que buscamos de forma permanente contar con actividades y alianzas estrat\u00e9gicas que sean un aporte concreto en la vida de los ciudadanos y al mismo tiempo puedan vivir una experiencia memorable en el centro comercial. Esta alianza con Sercotec permite precisamente entregar una alternativa de valor a nuestra comunidad y a quienes nos visitan desde la capacitaci\u00f3n y el espacio para visibilizar a emprendedores locales de la mano de este servicio junto con nosotros. As\u00ed, VIVO Mall Coquimbo es parte de la ciudad como un vecino m\u00e1s\u201d<\/strong>.<\/p>\n<p style=\"text-align: justify;\">Nuevo punto de comercializaci\u00f3n que podr\u00eda sumar nuevas fechas y el ingreso de nuevos emprendimientos, toda vez que quienes as\u00ed lo deseen se acerquen a las dependencias del Centro de Negocios Sercotec Coquimbo ubicado en George Washington 922, Coquimbo, escriban a <a href=\"mailto:barbara.llancapani@centrossercotec.cl\">barbara.llancapani@centrossercotec.cl<\/a> o contacten a sus asesores v\u00eda WhatsApp al +569 9714 3037.<\/p>\n","protected":false},"excerpt":{"rendered":"<p>Apoyo del Centro de Negocios Sercotec Coquimbo permiti\u00f3 una alianza con Vivo Mall Coquimbo para la llegada de productos de manufactura local. Coquimbo.- Artesan\u00edas, joyas, accesorios, vestuario y hasta cosm\u00e9tica, de eso y m\u00e1s tiene \u201cEspacio Emprendedores\u201d una zona de comercializaci\u00f3n en la que 15 microempresas de Coquimbo pueden ofrecer<\/p>\n","protected":false},"author":1,"featured_media":922,"comment_status":"closed","ping_status":"open","sticky":false,"template":"","format":"standard","meta":{"footnotes":""},"categories":[39],"tags":[],"class_list":["post-921","post","type-post","status-publish","format-standard","has-post-thumbnail","hentry","category-sercotec"],"_links":{"self":[{"href":"https:\/\/minutaregional.cl\/index.php?rest_route=\/wp\/v2\/posts\/921","targetHints":{"allow":["GET"]}}],"collection":[{"href":"https:\/\/minutaregional.cl\/index.php?rest_route=\/wp\/v2\/posts"}],"about":[{"href":"https:\/\/minutaregional.cl\/index.php?rest_route=\/wp\/v2\/types\/post"}],"author":[{"embeddable":true,"href":"https:\/\/minutaregional.cl\/index.php?rest_route=\/wp\/v2\/users\/1"}],"replies":[{"embeddable":true,"href":"https:\/\/minutaregional.cl\/index.php?rest_route=%2Fwp%2Fv2%2Fcomments&post=921"}],"version-history":[{"count":1,"href":"https:\/\/minutaregional.cl\/index.php?rest_route=\/wp\/v2\/posts\/921\/revisions"}],"predecessor-version":[{"id":923,"href":"https:\/\/minutaregional.cl\/index.php?rest_route=\/wp\/v2\/posts\/921\/revisions\/923"}],"wp:featuredmedia":[{"embeddable":true,"href":"https:\/\/minutaregional.cl\/index.php?rest_route=\/wp\/v2\/media\/922"}],"wp:attachment":[{"href":"https:\/\/minutaregional.cl\/index.php?rest_route=%2Fwp%2Fv2%2Fmedia&parent=921"}],"wp:term":[{"taxonomy":"category","embeddable":true,"href":"https:\/\/minutaregional.cl\/index.php?rest_route=%2Fwp%2Fv2%2Fcategories&post=921"},{"taxonomy":"post_tag","embeddable":true,"href":"https:\/\/minutaregional.cl\/index.php?rest_route=%2Fwp%2Fv2%2Ftags&post=921"}],"curies":[{"name":"wp","href":"https:\/\/api.w.org\/{rel}","templated":true}]}}