{"id":915,"date":"2022-05-22T04:51:03","date_gmt":"2022-05-22T04:51:03","guid":{"rendered":"https:\/\/minutaregional.cl\/?p=915"},"modified":"2022-05-22T04:51:03","modified_gmt":"2022-05-22T04:51:03","slug":"sename-coquimbo-da-cumplimiento-al-100-de-los-protocolos-covid","status":"publish","type":"post","link":"https:\/\/minutaregional.cl\/?p=915","title":{"rendered":"Sename Coquimbo da Cumplimiento al 100% de los Protocolos COVID"},"content":{"rendered":"<p style=\"text-align: justify;\"><strong><em>Tanto la direcci\u00f3n regional como los centros de administraci\u00f3n directa recibieron la certificaci\u00f3n Sello COVID de la Asociaci\u00f3n Chilena de Seguridad.<\/em><\/strong><\/p>\n<p style=\"text-align: justify;\"><strong>\u00a0<\/strong>Por la destacada gesti\u00f3n en el cumplimiento del protocolo de seguridad sanitaria laboral y el constante compromiso con la salud de las funcionarias y funcionarios, la Asociaci\u00f3n Chilena de Seguridad (ACHS) hizo entrega del Sello COVID al Sename Coquimbo.<\/p>\n<p style=\"text-align: justify;\">El trabajo preventivo permiti\u00f3 que fueran certificados tanto la Direcci\u00f3n Regional como los centros de justicia juvenil de La Serena, con resultados del 100% en esta etapa, seg\u00fan indica la norma establecida.<\/p>\n<p style=\"text-align: justify;\">En una significativa ceremonia, en la que estuvo presente el Seremi de Justicia y DD. HH de la Regi\u00f3n de Coquimbo, Rub\u00e9n Garc\u00eda Tapia, el jefe de servicios preventivos de la ACHS, Juli\u00e1n Vidal, otorg\u00f3 la certificaci\u00f3n a la directora regional (s), Patricia Alfaro, al director del Centro Cerrado, Luis Gonz\u00e1lez y al director del Centro Semicerrado, D\u00e1maso Lagos, en representaci\u00f3n de sus funcionarios, funcionarias y comit\u00e9s paritarios, que\u00a0 refrenda que los espacios laborales cumplen con buenas pr\u00e1cticas en prevenci\u00f3n del contagio del coronavirus.<\/p>\n<p style=\"text-align: justify;\">\u201cFue un trabajo en equipo. Los centros se organizaron para obtener esta significativa certificaci\u00f3n que nos permite mostrar lo que estamos haciendo en la l\u00ednea de prevenci\u00f3n. Como Direcci\u00f3n Regional no tenemos Comit\u00e9 Paritario, pero tenemos una comisi\u00f3n de higiene y seguridad en donde estamos todos involucrados. Este reconocimiento es importante para todos nosotros porque logramos, con compromiso, certificarnos con el Sello COVID\u201d, indic\u00f3 la directora (s) del Sename Coquimbo, Patricia Alfaro.<\/p>\n<p style=\"text-align: justify;\">Por su parte, Juli\u00e1n Vidal, jefe de servicios preventivos de la ACHS, valor\u00f3 que \u201ccuando Sename lleg\u00f3 a la Asociaci\u00f3n tuvimos que partir de cero, con las complejidades que significaban tomar al servicio, con lo complejo de los n\u00fameros, la cantidad de accidentes y la realidad que les toca vivir d\u00eda a d\u00eda. Parte de nuestro trabajo fue salir a los centros a ofrecer los Sellos COVID y a hacer gesti\u00f3n de prevenci\u00f3n\u201d.<\/p>\n<p style=\"text-align: justify;\">En tanto, el Seremi de Justicia y DD. HH, Rub\u00e9n Garc\u00eda, destac\u00f3 que el cuidado de los equipos forma parte de la pol\u00edtica del ministerio y del Gobierno del Presidente Boric. \u201cNo solamente demuestra el trabajo colaborativo, sino la protecci\u00f3n de los funcionarios y funcionarias que es uno de los ejes fundamentales de nuestra gesti\u00f3n y que queremos ver traducidos en el futuro en otras medidas\u201d, relev\u00f3 el secretario regional.<\/p>\n<p style=\"text-align: justify;\">El Sello COVID busca verificar el cumplimiento de los requerimientos establecidos por el Ministerio de Salud y el compromiso con la salud laboral en pandemia. Es decir, certifica que Sename Coquimbo est\u00e1 cumpliendo en un 100% con los protocolos, para esto se hacen varias auditor\u00edas y se renueva constantemente, acorde a la implementaci\u00f3n de nuevas estrategias de prevenci\u00f3n<\/p>\n<p style=\"text-align: justify;\">Algunos de los requisitos para obtener este sello son: control en el acceso, toma de temperatura, trazabilidad de todas las personas que ingresan, separaci\u00f3n de los espacios de trabajo, ventilaci\u00f3n, uso de mascarilla y adaptaci\u00f3n a los cambios en los protocolos sanitarios.<\/p>\n<p>&nbsp;<\/p>\n<p>&nbsp;<\/p>\n","protected":false},"excerpt":{"rendered":"<p>Tanto la direcci\u00f3n regional como los centros de administraci\u00f3n directa recibieron la certificaci\u00f3n Sello COVID de la Asociaci\u00f3n Chilena de Seguridad. \u00a0Por la destacada gesti\u00f3n en el cumplimiento del protocolo de seguridad sanitaria laboral y el constante compromiso con la salud de las funcionarias y funcionarios, la Asociaci\u00f3n Chilena de<\/p>\n","protected":false},"author":1,"featured_media":916,"comment_status":"closed","ping_status":"open","sticky":false,"template":"","format":"standard","meta":{"footnotes":""},"categories":[42],"tags":[],"class_list":["post-915","post","type-post","status-publish","format-standard","has-post-thumbnail","hentry","category-sename"],"_links":{"self":[{"href":"https:\/\/minutaregional.cl\/index.php?rest_route=\/wp\/v2\/posts\/915","targetHints":{"allow":["GET"]}}],"collection":[{"href":"https:\/\/minutaregional.cl\/index.php?rest_route=\/wp\/v2\/posts"}],"about":[{"href":"https:\/\/minutaregional.cl\/index.php?rest_route=\/wp\/v2\/types\/post"}],"author":[{"embeddable":true,"href":"https:\/\/minutaregional.cl\/index.php?rest_route=\/wp\/v2\/users\/1"}],"replies":[{"embeddable":true,"href":"https:\/\/minutaregional.cl\/index.php?rest_route=%2Fwp%2Fv2%2Fcomments&post=915"}],"version-history":[{"count":1,"href":"https:\/\/minutaregional.cl\/index.php?rest_route=\/wp\/v2\/posts\/915\/revisions"}],"predecessor-version":[{"id":917,"href":"https:\/\/minutaregional.cl\/index.php?rest_route=\/wp\/v2\/posts\/915\/revisions\/917"}],"wp:featuredmedia":[{"embeddable":true,"href":"https:\/\/minutaregional.cl\/index.php?rest_route=\/wp\/v2\/media\/916"}],"wp:attachment":[{"href":"https:\/\/minutaregional.cl\/index.php?rest_route=%2Fwp%2Fv2%2Fmedia&parent=915"}],"wp:term":[{"taxonomy":"category","embeddable":true,"href":"https:\/\/minutaregional.cl\/index.php?rest_route=%2Fwp%2Fv2%2Fcategories&post=915"},{"taxonomy":"post_tag","embeddable":true,"href":"https:\/\/minutaregional.cl\/index.php?rest_route=%2Fwp%2Fv2%2Ftags&post=915"}],"curies":[{"name":"wp","href":"https:\/\/api.w.org\/{rel}","templated":true}]}}