{"id":907,"date":"2022-05-22T04:22:14","date_gmt":"2022-05-22T04:22:14","guid":{"rendered":"https:\/\/minutaregional.cl\/?p=907"},"modified":"2022-05-22T04:22:14","modified_gmt":"2022-05-22T04:22:14","slug":"diputado-manouchehri-confiamos-que-el-presidente-boric-cumplira-con-su-palabra-y-rechazaran-dominga","status":"publish","type":"post","link":"https:\/\/minutaregional.cl\/?p=907","title":{"rendered":"Diputado Manouchehri: \u201cConfiamos que el Presidente Boric Cumplir\u00e1 con su Palabra y Rechazar\u00e1n Dominga\u201d"},"content":{"rendered":"<audio class=\"wp-audio-shortcode\" id=\"audio-907-1\" preload=\"none\" style=\"width: 100%;\" controls=\"controls\"><source type=\"audio\/mpeg\" src=\"https:\/\/minutaregional.cl\/wp-content\/uploads\/2022\/05\/CUNA-D-Manouchehri-DOMINGA-18may22.mp3?_=1\" \/><a href=\"https:\/\/minutaregional.cl\/wp-content\/uploads\/2022\/05\/CUNA-D-Manouchehri-DOMINGA-18may22.mp3\">https:\/\/minutaregional.cl\/wp-content\/uploads\/2022\/05\/CUNA-D-Manouchehri-DOMINGA-18may22.mp3<\/a><\/audio>\n<p>AUDIO : Diputado Daniel Manouchehri<\/p>\n<p style=\"text-align: justify;\">Los diputados de la Bancada Socialista, Daniel Manouchehri, Daniel Melo y Jaime Naranjo, se refirieron a la determinaci\u00f3n de la Corte Suprema de rechazar los recursos contra la Minera Dominga. El tribunal determin\u00f3 que Andes Iron, la empresa propietaria del proyecto, present\u00f3 antecedentes suficientes en su tramitaci\u00f3n ambiental.<\/p>\n<p style=\"text-align: justify;\">El diputado Manouchehri, representante de la Regi\u00f3n de Coquimbo, manifest\u00f3 su indignaci\u00f3n por el fallo judicial. \u201cEs lamentable la decisi\u00f3n de la Corte Suprema. Esto le da tiempo a Andes Iron para seguir la venta del proyecto a capitales chinos. Estamos confiados en que el presidente Boric cumplir\u00e1 con su palabra y el comit\u00e9 de ministros rechazar\u00e1 el proyecto. Dominga es muerte y corrupci\u00f3n\u201d, expres\u00f3.<\/p>\n<p style=\"text-align: justify;\">En tanto, el presidente de la Comisi\u00f3n de Medio Ambiente de la C\u00e1mara, Daniel Melo, emplaz\u00f3 al gobierno y al comit\u00e9 de ministros a rechazar el proyecto minero. \u201cDominga no s\u00f3lo es un mal proyecto para Chile, sino tambi\u00e9n para la lucha que estamos llevando contra el cambio clim\u00e1tico.\u00a0 De no ser rechazado este proyecto, sentaremos un p\u00e9simo precedente, que ning\u00fan chileno o chilena merece, porque los efectos negativos lo vivir\u00e1n muchas generaciones\u201d, se\u00f1al\u00f3 el parlamentario del Distrito 13.<\/p>\n","protected":false},"excerpt":{"rendered":"<p>AUDIO : Diputado Daniel Manouchehri Los diputados de la Bancada Socialista, Daniel Manouchehri, Daniel Melo y Jaime Naranjo, se refirieron a la determinaci\u00f3n de la Corte Suprema de rechazar los recursos contra la Minera Dominga. El tribunal determin\u00f3 que Andes Iron, la empresa propietaria del proyecto, present\u00f3 antecedentes suficientes en<\/p>\n","protected":false},"author":1,"featured_media":909,"comment_status":"closed","ping_status":"open","sticky":false,"template":"","format":"standard","meta":{"footnotes":""},"categories":[26],"tags":[],"class_list":["post-907","post","type-post","status-publish","format-standard","has-post-thumbnail","hentry","category-camara-de-diputadas-y-diputados"],"_links":{"self":[{"href":"https:\/\/minutaregional.cl\/index.php?rest_route=\/wp\/v2\/posts\/907","targetHints":{"allow":["GET"]}}],"collection":[{"href":"https:\/\/minutaregional.cl\/index.php?rest_route=\/wp\/v2\/posts"}],"about":[{"href":"https:\/\/minutaregional.cl\/index.php?rest_route=\/wp\/v2\/types\/post"}],"author":[{"embeddable":true,"href":"https:\/\/minutaregional.cl\/index.php?rest_route=\/wp\/v2\/users\/1"}],"replies":[{"embeddable":true,"href":"https:\/\/minutaregional.cl\/index.php?rest_route=%2Fwp%2Fv2%2Fcomments&post=907"}],"version-history":[{"count":1,"href":"https:\/\/minutaregional.cl\/index.php?rest_route=\/wp\/v2\/posts\/907\/revisions"}],"predecessor-version":[{"id":910,"href":"https:\/\/minutaregional.cl\/index.php?rest_route=\/wp\/v2\/posts\/907\/revisions\/910"}],"wp:featuredmedia":[{"embeddable":true,"href":"https:\/\/minutaregional.cl\/index.php?rest_route=\/wp\/v2\/media\/909"}],"wp:attachment":[{"href":"https:\/\/minutaregional.cl\/index.php?rest_route=%2Fwp%2Fv2%2Fmedia&parent=907"}],"wp:term":[{"taxonomy":"category","embeddable":true,"href":"https:\/\/minutaregional.cl\/index.php?rest_route=%2Fwp%2Fv2%2Fcategories&post=907"},{"taxonomy":"post_tag","embeddable":true,"href":"https:\/\/minutaregional.cl\/index.php?rest_route=%2Fwp%2Fv2%2Ftags&post=907"}],"curies":[{"name":"wp","href":"https:\/\/api.w.org\/{rel}","templated":true}]}}