{"id":904,"date":"2022-05-22T04:04:06","date_gmt":"2022-05-22T04:04:06","guid":{"rendered":"https:\/\/minutaregional.cl\/?p=904"},"modified":"2022-05-22T04:04:06","modified_gmt":"2022-05-22T04:04:06","slug":"diputado-manouchehri-el-futbol-chileno-vive-una-crisis-futbolistica-etica-y-financiera","status":"publish","type":"post","link":"https:\/\/minutaregional.cl\/?p=904","title":{"rendered":"Diputado Manouchehri: \u201cEl F\u00fatbol Chileno Vive una Crisis Futbol\u00edstica, \u00e9tica y Financiera\u201d"},"content":{"rendered":"<p style=\"text-align: justify;\"><em>*El parlamentario fue uno de los interrogadores en la visita del ex presidente de la Comisi\u00f3n de \u00c1rbitros de la Asociaci\u00f3n Nacional de F\u00fatbol Profesional a la Comisi\u00f3n de Deportes de la C\u00e1mara, quien expuso antecedentes sobre irregularidades en el ejercicio del colegiado.<\/em><\/p>\n<p style=\"text-align: justify;\"><em>*La Comisi\u00f3n de Deportes de la C\u00e1mara recibi\u00f3 a representantes de los \u00e1rbitros, jugadores, dirigentes y al presidente de la ANFP en sesiones anteriores.<\/em><\/p>\n<p style=\"text-align: justify;\">La Comisi\u00f3n de Deportes de la C\u00e1mara de Diputadas y Diputados recibi\u00f3 al ex presidente de la Comisi\u00f3n de \u00c1rbitros de la ANFP, Javier Castrilli, para abordar las eventuales presiones indebidas ejercidas sobre los cuerpos arbitrales del f\u00fatbol profesional, sumado a otras irregularidades de la disciplina.<\/p>\n<p style=\"text-align: justify;\">Ante las irregularidades denunciadas en el f\u00fatbol profesional, el diputado Daniel Manouchehri expres\u00f3 que \u201cparte de la voluntad de esta comisi\u00f3n es investigar estos hechos y acelerar la regulaci\u00f3n de las Sociedades An\u00f3nimas\u201d.<\/p>\n<p style=\"text-align: justify;\">\u201cSin duda alguna el f\u00fatbol chileno hoy d\u00eda vive su mayor crisis. Es una crisis \u00e9tica, pol\u00edtica, y claramente futbol\u00edstica. El arbitraje pareciera ser parte de esa crisis. Como lo hemos dicho, que esto se acabe y, parafraseando a un grande del f\u00fatbol, que se deje de manchar la pelota\u201d, agreg\u00f3 el representante de la Regi\u00f3n de Coquimbo.<\/p>\n<p style=\"text-align: justify;\"><strong>Preguntas a Castrilli sobre corrupci\u00f3n<\/strong><\/p>\n<p style=\"text-align: justify;\">El ex \u00e1rbitro argentino se mostr\u00f3 dispuesto a las preguntas de las y los diputados de la comisi\u00f3n de Deportes. Lo m\u00e1s reiterado fue la interrogante sobre una eventual corrupci\u00f3n en el f\u00fatbol profesional, derivado a preguntas como \u201csi fue presionado para favorecer a alg\u00fan club\u201d y \u201csi hay atisbos de corrupci\u00f3n en el gremio de \u00e1rbitros\u201d.<\/p>\n<p style=\"text-align: justify;\">Durante las dos horas de audiencia con el ex jefe arbitral, Castrilli asegur\u00f3 que \u201ces muy dif\u00edcil encontrar elementos probatorios. Es muy sensible este tema de si hubo o no hechos de corrupci\u00f3n, porque si yo hubiera tenido un elemento probatorio ser\u00eda el primero en denunciarlo\u201d.<\/p>\n<p style=\"text-align: justify;\">En su intervenci\u00f3n, el diputado Manouchehri enfatiz\u00f3 en la investigaci\u00f3n realizada por la ANFP sobre el partido definitorio entre Huachipato y Deportes Copiap\u00f3, disputado en enero de este a\u00f1o. El ente determin\u00f3 que hubo maquinaci\u00f3n por parte de \u00e1rbitros para desestabilizar a Castrilli, acus\u00e1ndolo de presiones indebidas en el desarrollo del mencionado encuentro.<\/p>\n<p style=\"text-align: justify;\">Este \u00edtem fue consultado anteriormente al presidente de la ANFP, Pablo Milad, quien omiti\u00f3 su respuesta. \u201cDespu\u00e9s que se hace esta comprobaci\u00f3n, \u00bfpor qu\u00e9 esos \u00e1rbitros no son sacados del f\u00fatbol chileno? Porque me parece extremadamente grave que si se comprueba que hay operaciones de este tipo, que afectan a la fe p\u00fablica y la credibilidad en el f\u00fatbol, estas situaciones simplemente se ignoren y se tome como un tema de prensa m\u00e1s y creo que sin duda alguna esto es parte de la tremenda crisis que tiene el f\u00fatbol chileno\u201d, subray\u00f3 el parlamentario socialista.<\/p>\n","protected":false},"excerpt":{"rendered":"<p>*El parlamentario fue uno de los interrogadores en la visita del ex presidente de la Comisi\u00f3n de \u00c1rbitros de la Asociaci\u00f3n Nacional de F\u00fatbol Profesional a la Comisi\u00f3n de Deportes de la C\u00e1mara, quien expuso antecedentes sobre irregularidades en el ejercicio del colegiado. *La Comisi\u00f3n de Deportes de la C\u00e1mara<\/p>\n","protected":false},"author":1,"featured_media":905,"comment_status":"closed","ping_status":"open","sticky":false,"template":"","format":"standard","meta":{"footnotes":""},"categories":[26],"tags":[],"class_list":["post-904","post","type-post","status-publish","format-standard","has-post-thumbnail","hentry","category-camara-de-diputadas-y-diputados"],"_links":{"self":[{"href":"https:\/\/minutaregional.cl\/index.php?rest_route=\/wp\/v2\/posts\/904","targetHints":{"allow":["GET"]}}],"collection":[{"href":"https:\/\/minutaregional.cl\/index.php?rest_route=\/wp\/v2\/posts"}],"about":[{"href":"https:\/\/minutaregional.cl\/index.php?rest_route=\/wp\/v2\/types\/post"}],"author":[{"embeddable":true,"href":"https:\/\/minutaregional.cl\/index.php?rest_route=\/wp\/v2\/users\/1"}],"replies":[{"embeddable":true,"href":"https:\/\/minutaregional.cl\/index.php?rest_route=%2Fwp%2Fv2%2Fcomments&post=904"}],"version-history":[{"count":1,"href":"https:\/\/minutaregional.cl\/index.php?rest_route=\/wp\/v2\/posts\/904\/revisions"}],"predecessor-version":[{"id":906,"href":"https:\/\/minutaregional.cl\/index.php?rest_route=\/wp\/v2\/posts\/904\/revisions\/906"}],"wp:featuredmedia":[{"embeddable":true,"href":"https:\/\/minutaregional.cl\/index.php?rest_route=\/wp\/v2\/media\/905"}],"wp:attachment":[{"href":"https:\/\/minutaregional.cl\/index.php?rest_route=%2Fwp%2Fv2%2Fmedia&parent=904"}],"wp:term":[{"taxonomy":"category","embeddable":true,"href":"https:\/\/minutaregional.cl\/index.php?rest_route=%2Fwp%2Fv2%2Fcategories&post=904"},{"taxonomy":"post_tag","embeddable":true,"href":"https:\/\/minutaregional.cl\/index.php?rest_route=%2Fwp%2Fv2%2Ftags&post=904"}],"curies":[{"name":"wp","href":"https:\/\/api.w.org\/{rel}","templated":true}]}}