{"id":894,"date":"2022-05-14T03:05:13","date_gmt":"2022-05-14T03:05:13","guid":{"rendered":"https:\/\/minutaregional.cl\/?p=894"},"modified":"2022-05-14T03:05:13","modified_gmt":"2022-05-14T03:05:13","slug":"facultad-de-ingenieria-inaugura-nuevo-espacio-de-prototipado","status":"publish","type":"post","link":"https:\/\/minutaregional.cl\/?p=894","title":{"rendered":"FACULTAD DE INGENIER\u00cdA INAUGURA NUEVO ESPACIO DE PROTOTIPADO"},"content":{"rendered":"<p style=\"text-align: justify;\"><em>El FABLAB tiene como objetivo democratizar la tecnolog\u00eda, migrando desde un sistema de producci\u00f3n masiva a uno colaborativo y personalizado para dar respuesta r\u00e1pida a las necesidades de la industria y de las personas.<\/em><\/p>\n<p style=\"text-align: justify;\">Con una ceremonia entre autoridades universitarias y regionales, emprendedores, representantes estudiantiles e ingenieros, se dio por inaugurado el FABLAB o Laboratorio de Prototipado de la Facultad de Ingenier\u00eda de la Universidad de La Serena, espacio que busca transformarse en un punto de encuentro para que estudiantes y acad\u00e9micos puedan generar ideas que aporten soluciones a los grandes problemas que existen en nuestro entorno, de la mano con la sustentabilidad y la sostenibilidad en el tiempo.<\/p>\n<p style=\"text-align: justify;\">El \u00e1rea cuenta con tecnolog\u00edas y equipamiento para el trabajo en modelado 2D y 3D, electr\u00f3nica, programaci\u00f3n, realidad virtual y aumentada, entre otras herramientas, las cuales apoyar\u00e1n el desarrollo pr\u00e1ctico y multidisciplinario para la elaboraci\u00f3n de proyectos de innovaci\u00f3n y emprendimiento.<\/p>\n<p style=\"text-align: justify;\">Frente a esto, el Rector Dr. Nibaldo Avil\u00e9s, destac\u00f3 que \u201c<strong>este laboratorio sin duda representa el compromiso con la Universidad que tiene con el aprendizaje, la creaci\u00f3n y que, gracias a la Facultad de Ingenier\u00eda, no solo estamos apoyando la formaci\u00f3n de nuestros estudiantes sino tambi\u00e9n al desarrollo regional y nacional<\/strong>\u201d.<\/p>\n<p style=\"text-align: justify;\">Por su parte, el Decano de la Facultad, Dr. Mauricio Godoy, mencion\u00f3 que todas estas transformaciones que se est\u00e1n aplicando, buscan acercarse m\u00e1s a la industria 4.0 de la ingenier\u00eda y preparar de mejor manera a sus estudiantes. \u201c<strong>Este es el salto que nuestros estudiantes van a dar para tener mejores conocimientos de automatizaci\u00f3n, control, pero tambi\u00e9n en la creaci\u00f3n y nuevas ideas en torno al rubro profesional. Eso es lo que queremos incentivar con esta \u00e1rea<\/strong>\u201d, declar\u00f3.<\/p>\n<p style=\"text-align: justify;\">La creaci\u00f3n de este espacio, que cuenta con 221 mts2, fue posible gracias al Proyecto FIULS 2030 junto al eje de Comercializaci\u00f3n de Tecnolog\u00eda y Emprendimiento de Base Tecnol\u00f3gica, quienes durante 3 a\u00f1os visitaron otras universidades a nivel nacional que cuentan con \u00e1reas similares a estas.<\/p>\n<p style=\"text-align: justify;\">El Director del Proyecto, Ricardo Orrego, expres\u00f3 que \u201c<strong>la importancia de este lugar es que tenemos el primer FABLAB con tecnolog\u00eda 5G en la macrozona norte del pa\u00eds, lo que permite abrir un abanico de posibilidades para que nuestros estudiantes desarrollen ideas en torno a las nuevas tecnolog\u00edas<\/strong>\u201d.<\/p>\n<p style=\"text-align: justify;\"><strong>Datos que ayudan a crear iniciativas<\/strong><\/p>\n<p style=\"text-align: justify;\">Uno de los objetivos de este laboratorio de prototipado es poder trabajar en conjunto con otras ideas que permitan conocer los requerimientos que se necesitan para la implementaci\u00f3n de nuevas tecnolog\u00edas. Es por esto que, dentro de sus \u00e1reas para el desarrollo de innovaciones, tambi\u00e9n cuentan con la colaboraci\u00f3n de otras iniciativas como lo son el \u00e1rea de Big Data, Sensorizaci\u00f3n y 5G, el cual se crea a partir de la sinergia entre el Proyecto Big Data y el Proyecto Piensa 5.0.<\/p>\n<p style=\"text-align: justify;\">El Director ejecutivo del \u00e1rea de Big Data, C\u00e9sar Esp\u00edndola, dijo que \u201c<strong>nosotros tenemos la posibilidad de procesar los datos organizacionales de tal manera que les permita mejorar sus procesos de eficiencia y por otro lado, contribuimos a la sociedad permitiendo que ciertos datos y\/o estad\u00edsticas de mayor relevancia puedan llegar a la comunidad<\/strong>\u201d.<\/p>\n<p style=\"text-align: justify;\">Las autoridades universitarias mencionaron que este espacio est\u00e1 abierta a toda la comunidad de las diferentes carreras para que comiencen a desarrollar y escalar sus ideas innovadoras en un ambiente amigable, tecnol\u00f3gico y cercano.<\/p>\n","protected":false},"excerpt":{"rendered":"<p>El FABLAB tiene como objetivo democratizar la tecnolog\u00eda, migrando desde un sistema de producci\u00f3n masiva a uno colaborativo y personalizado para dar respuesta r\u00e1pida a las necesidades de la industria y de las personas. Con una ceremonia entre autoridades universitarias y regionales, emprendedores, representantes estudiantiles e ingenieros, se dio por<\/p>\n","protected":false},"author":1,"featured_media":896,"comment_status":"open","ping_status":"open","sticky":false,"template":"","format":"standard","meta":{"footnotes":""},"categories":[8],"tags":[],"class_list":["post-894","post","type-post","status-publish","format-standard","has-post-thumbnail","hentry","category-columna-de-opinion"],"_links":{"self":[{"href":"https:\/\/minutaregional.cl\/index.php?rest_route=\/wp\/v2\/posts\/894","targetHints":{"allow":["GET"]}}],"collection":[{"href":"https:\/\/minutaregional.cl\/index.php?rest_route=\/wp\/v2\/posts"}],"about":[{"href":"https:\/\/minutaregional.cl\/index.php?rest_route=\/wp\/v2\/types\/post"}],"author":[{"embeddable":true,"href":"https:\/\/minutaregional.cl\/index.php?rest_route=\/wp\/v2\/users\/1"}],"replies":[{"embeddable":true,"href":"https:\/\/minutaregional.cl\/index.php?rest_route=%2Fwp%2Fv2%2Fcomments&post=894"}],"version-history":[{"count":1,"href":"https:\/\/minutaregional.cl\/index.php?rest_route=\/wp\/v2\/posts\/894\/revisions"}],"predecessor-version":[{"id":897,"href":"https:\/\/minutaregional.cl\/index.php?rest_route=\/wp\/v2\/posts\/894\/revisions\/897"}],"wp:featuredmedia":[{"embeddable":true,"href":"https:\/\/minutaregional.cl\/index.php?rest_route=\/wp\/v2\/media\/896"}],"wp:attachment":[{"href":"https:\/\/minutaregional.cl\/index.php?rest_route=%2Fwp%2Fv2%2Fmedia&parent=894"}],"wp:term":[{"taxonomy":"category","embeddable":true,"href":"https:\/\/minutaregional.cl\/index.php?rest_route=%2Fwp%2Fv2%2Fcategories&post=894"},{"taxonomy":"post_tag","embeddable":true,"href":"https:\/\/minutaregional.cl\/index.php?rest_route=%2Fwp%2Fv2%2Ftags&post=894"}],"curies":[{"name":"wp","href":"https:\/\/api.w.org\/{rel}","templated":true}]}}