{"id":882,"date":"2022-05-14T01:49:45","date_gmt":"2022-05-14T01:49:45","guid":{"rendered":"https:\/\/minutaregional.cl\/?p=882"},"modified":"2022-05-14T02:01:48","modified_gmt":"2022-05-14T02:01:48","slug":"sindicatos-del-retail-solicitan-urgencia-en-aprobacion-de-proyecto-de-40-horas","status":"publish","type":"post","link":"https:\/\/minutaregional.cl\/?p=882","title":{"rendered":"SINDICATOS DEL RETAIL SOLICITAN URGENCIA EN APROBACI\u00d3N DE PROYECTO DE 40 HORAS"},"content":{"rendered":"<audio class=\"wp-audio-shortcode\" id=\"audio-882-1\" preload=\"none\" style=\"width: 100%;\" controls=\"controls\"><source type=\"audio\/mpeg\" src=\"https:\/\/minutaregional.cl\/wp-content\/uploads\/2022\/05\/Senador-nunez-visita-vocera.m4a?_=1\" \/><a href=\"https:\/\/minutaregional.cl\/wp-content\/uploads\/2022\/05\/Senador-nunez-visita-vocera.m4a\">https:\/\/minutaregional.cl\/wp-content\/uploads\/2022\/05\/Senador-nunez-visita-vocera.m4a<\/a><\/audio>\n<p>AUDIO Senador Daniel N\u00fa\u00f1ez<\/p>\n<p class=\"yiv0405690355MsoNormal\" style=\"text-align: justify;\">Dirigentes sindicales del comercio de la Regi\u00f3n de Coquimbo se reunieron con la Ministra de la Secretar\u00eda General de Gobierno de Chile, Camila Vallejo y el senador Daniel N\u00fa\u00f1ez en un encuentro para dialogar sobre las 40 horas y el salario m\u00ednimo en La Serena. En la ocasi\u00f3n demandaron a las autoridades celeridad para aprobar este emblem\u00e1tico proyecto y que hoy es parte del programa del actual Gobierno.<\/p>\n<p class=\"yiv0405690355MsoNormal\" style=\"text-align: justify;\">\u00a0<span lang=\"ES-TRAD\">El senador N\u00fa\u00f1ez indic\u00f3 que \u201caprovechamos una visita de la ministra que ten\u00eda con la Asociaci\u00f3n Nacional de Prensa para que tuviera este di\u00e1logo con trabajadores del retail, de las grandes multitiendas para conversar acerca de las 40 horas proyecto que ella lider\u00f3 cuando era diputada. Es importante que esto se concrete, los trabajadores han hecho ver las largas jornadas laborales, la p\u00e9rdida del v\u00ednculo con la familia. Tengo la expectativa que esto est\u00e9 para el segundo semestre de este a\u00f1o, que el Gobierno le ponga urgencia y la ministra se lleva esta tarea que se la debe plantear al Pdte Boric\u201d.<\/span><\/p>\n<p class=\"yiv0405690355MsoNormal\" style=\"text-align: justify;\"><span lang=\"ES-TRAD\">\u00a0<\/span><span lang=\"ES-TRAD\">La ministra vocera de Gobierno, Camila Vallejo sostuvo que \u201cSe debe compatibilizar la vida con el trabajo. Esto es importante, porque debemos analizar qui\u00e9n resolver\u00e1 este dilema, como la flexibilidad, en beneficio de quien. Nosotros queremos que el beneficio de la reducci\u00f3n de la jornada laboral cumpla su objetivo y para que lo cumpla, deben estar de acuerdo todas las partes involucradas\u201d.<\/span><\/p>\n<p class=\"yiv0405690355MsoNormal\" style=\"text-align: justify;\"><span lang=\"ES-TRAD\">\u00a0<\/span><span lang=\"ES-TRAD\">\u201cNosotros trabajamos las 45 horas, lo que permite la ley, pero, el trabajador de supermercado no tiene vida familiar, trabajamos domingo, festivo, si no fuera por los feriados irrenunciables tendr\u00edamos menos tiempo con la familia. Es un anhelo y tenemos esperanza en este Gobierno. Deben cumplir con las promesas\u201d, afirm\u00f3 Marta Villarroel, pdta sindicato Unimarc IV regi\u00f3n.<\/span><\/p>\n<p class=\"yiv0405690355MsoNormal\" style=\"text-align: justify;\"><span lang=\"ES-TRAD\">\u00a0<\/span><span lang=\"ES-TRAD\">Elisa Oyarz\u00fan, dirigenta nacional del sindicato Walmart dijo que \u201cun problema enorme que tenemos es la conectividad. Estamos saliendo a las 22 horas y a esa hora ya no tenemos locomoci\u00f3n. El otro tema es la multifuncionalidad, en que un gran n\u00famero de mujeres han sido despedidas y necesitamos apoyo, adem\u00e1s de la seguridad laboral\u201d.<\/span><\/p>\n<p class=\"yiv0405690355MsoNormal\" style=\"text-align: justify;\"><span lang=\"ES-TRAD\">\u00a0<\/span><\/p>\n<p class=\"yiv0405690355MsoNormal\" style=\"text-align: justify;\"><span lang=\"ES-TRAD\">Guillermo Su\u00e1rez, secretario del sindicato de trabajadores a honorarios de la Municipalidad de La Serena, asever\u00f3 que \u201cpara nosotros es fundamental el trabajo decente. Esto para nosotros nos rige el c\u00f3digo Civil y no el laboral, por tanto, estamos vulnerados en nuestros derechos. En nuestro concepto de trabajo decente est\u00e1n incorporadas las 40 horas y apoyamos este proyecto\u201d.<\/span><\/p>\n<p class=\"yiv0405690355MsoNormal\"><span lang=\"ES-TRAD\">\u00a0<\/span><span lang=\"ES-TRAD\">La ministra complet\u00f3 su visita al Centro Cultural Palace en Coquimbo y para terminar su jornada con la Asociaci\u00f3n Nacional de Prensa. Previo a estos encuentros se reuni\u00f3 con el delegado presidencial Rub\u00e9n Quezada y el vocero regional, Fernando Viveros. \u00a0<\/span><\/p>\n","protected":false},"excerpt":{"rendered":"<p>AUDIO Senador Daniel N\u00fa\u00f1ez Dirigentes sindicales del comercio de la Regi\u00f3n de Coquimbo se reunieron con la Ministra de la Secretar\u00eda General de Gobierno de Chile, Camila Vallejo y el senador Daniel N\u00fa\u00f1ez en un encuentro para dialogar sobre las 40 horas y el salario m\u00ednimo en La Serena. En<\/p>\n","protected":false},"author":1,"featured_media":883,"comment_status":"closed","ping_status":"open","sticky":false,"template":"","format":"standard","meta":{"footnotes":""},"categories":[26],"tags":[],"class_list":["post-882","post","type-post","status-publish","format-standard","has-post-thumbnail","hentry","category-camara-de-diputadas-y-diputados"],"_links":{"self":[{"href":"https:\/\/minutaregional.cl\/index.php?rest_route=\/wp\/v2\/posts\/882","targetHints":{"allow":["GET"]}}],"collection":[{"href":"https:\/\/minutaregional.cl\/index.php?rest_route=\/wp\/v2\/posts"}],"about":[{"href":"https:\/\/minutaregional.cl\/index.php?rest_route=\/wp\/v2\/types\/post"}],"author":[{"embeddable":true,"href":"https:\/\/minutaregional.cl\/index.php?rest_route=\/wp\/v2\/users\/1"}],"replies":[{"embeddable":true,"href":"https:\/\/minutaregional.cl\/index.php?rest_route=%2Fwp%2Fv2%2Fcomments&post=882"}],"version-history":[{"count":3,"href":"https:\/\/minutaregional.cl\/index.php?rest_route=\/wp\/v2\/posts\/882\/revisions"}],"predecessor-version":[{"id":887,"href":"https:\/\/minutaregional.cl\/index.php?rest_route=\/wp\/v2\/posts\/882\/revisions\/887"}],"wp:featuredmedia":[{"embeddable":true,"href":"https:\/\/minutaregional.cl\/index.php?rest_route=\/wp\/v2\/media\/883"}],"wp:attachment":[{"href":"https:\/\/minutaregional.cl\/index.php?rest_route=%2Fwp%2Fv2%2Fmedia&parent=882"}],"wp:term":[{"taxonomy":"category","embeddable":true,"href":"https:\/\/minutaregional.cl\/index.php?rest_route=%2Fwp%2Fv2%2Fcategories&post=882"},{"taxonomy":"post_tag","embeddable":true,"href":"https:\/\/minutaregional.cl\/index.php?rest_route=%2Fwp%2Fv2%2Ftags&post=882"}],"curies":[{"name":"wp","href":"https:\/\/api.w.org\/{rel}","templated":true}]}}