{"id":879,"date":"2022-05-13T00:14:43","date_gmt":"2022-05-13T00:14:43","guid":{"rendered":"https:\/\/minutaregional.cl\/?p=879"},"modified":"2022-05-13T00:14:43","modified_gmt":"2022-05-13T00:14:43","slug":"aguas-del-valle-inicia-tramitacion-ambiental-de-primera-planta-desaladora-para-consumo-humano-en-la-serena-coquimbo","status":"publish","type":"post","link":"https:\/\/minutaregional.cl\/?p=879","title":{"rendered":"Aguas del Valle Inicia Tramitaci\u00f3n Ambiental de Primera Planta Desaladora para Consumo Humano en La Serena-Coquimbo"},"content":{"rendered":"<ul>\n<li style=\"text-align: justify;\"><em>Sanitaria ingres\u00f3 con calificaci\u00f3n de urgencia el Estudio de Impacto Ambiental para la evaluaci\u00f3n del proyecto, que permitir\u00e1 contar con una nueva fuente para asegurar el agua para consumo humano.<\/em><\/li>\n<\/ul>\n<p style=\"text-align: justify;\"><strong>La Serena, Mayo del 2022.<\/strong>\u00a0Tras m\u00e1s de 5 a\u00f1os de estudios ambientales, sociales y de infraestructura, Aguas del Valle ingres\u00f3 al Servicio de Evaluaci\u00f3n Ambiental el proyecto que busca contar con una desaladora para La Serena-Coquimbo, con una inversi\u00f3n inicial estimada de US$ 181 millones.<\/p>\n<p style=\"text-align: justify;\">\u201cEste ha sido un trabajo de a\u00f1os, hoy estamos avanzando en una iniciativa clave para contar con una nueva fuente de agua para consumo humano y as\u00ed tener m\u00e1s alternativas para enfrentar la cr\u00edtica situaci\u00f3n h\u00eddrica de nuestra regi\u00f3n, que ya supera los 13 a\u00f1os de sequ\u00eda\u201d, dijo el gerente regional de la sanitaria, Andr\u00e9s Nazer.<\/p>\n<p style=\"text-align: justify;\">El proyecto, en una primera etapa, permitir\u00e1 respaldar el consumo humano de agua potable para la conurbaci\u00f3n La Serena- Coquimbo, y luego, de ser requerido, para otras localidades de la regi\u00f3n.<\/p>\n<p style=\"text-align: justify;\">La planta est\u00e1 proyectada para utilizarse como complemento durante los per\u00edodos en que las fuentes de agua dulce no puedan abastecer la demanda de agua potable, produciendo -en su primera fase- 600 litros por segundo, para llegar hasta 1.200 litros por segundo en el futuro.<\/p>\n<p style=\"text-align: justify;\">La sanitaria ha ido avanzando gradualmente en este proyecto, valorando desde su inicio las inquietudes de la comunidad. Por ello, \u201cya realizamos, voluntariamente, una Participaci\u00f3n Ciudadana Adelantada (conocida como PACA) y en los pr\u00f3ximos meses, de acuerdo con el proceso ambiental, se realizar\u00e1 un proceso de participaci\u00f3n ciudadana formal, donde tendremos una nueva instancia para escuchar y dar respuesta a las inquietudes de la comunidad\u201d, coment\u00f3 Nazer.<\/p>\n<p style=\"text-align: justify;\">Una vez logradas las aprobaciones del proyecto, el inicio de la construcci\u00f3n de la desaladora estar\u00e1 sujeto a c\u00f3mo evolucione la condici\u00f3n h\u00eddrica las pr\u00f3ximas temporadas, estim\u00e1ndose un plazo de construcci\u00f3n de entre dos y tres a\u00f1os, considerando la conducci\u00f3n de agua potable hasta Coquimbo. De mantenerse la adversa situaci\u00f3n h\u00eddrica actual, se proyecta iniciar la construcci\u00f3n en 2024 para comenzar a operar durante el 2026.<\/p>\n<p style=\"text-align: justify;\">Aguas del Valle ha puesto a disposici\u00f3n una p\u00e1gina web especial para obtener m\u00e1s informaci\u00f3n del proyecto,\u00a0 <a href=\"https:\/\/desaladora.aguasdelvalle.cl\/\">desaladora.aguasdelvalle.cl\/<\/a> a la que tambi\u00e9n se puede acceder a trav\u00e9s del sitio de la compa\u00f1\u00eda <a href=\"http:\/\/www.aguasdelvalle.cl\">www.aguasdelvalle.cl<\/a><\/p>\n<p style=\"text-align: justify;\"><strong>Datos clave<\/strong><\/p>\n<p style=\"text-align: justify;\"><em>Panul:\u00a0 <\/em>la planta estar\u00e1 ubicada en sector sur de Coquimbo.<\/p>\n<p style=\"text-align: justify;\"><em>\u00a0<\/em><em>2-3 a\u00f1os <\/em>demorar\u00eda la construcci\u00f3n de la planta desaladora<em> 600 l\/s <\/em>de caudal con un m\u00e1ximo de 1.200 l\/s producir\u00e1 la planta en una primera fase.<\/p>\n<p style=\"text-align: justify;\"><em>\u00a0<\/em><em>78.000 <\/em>familias beneficiadas considerando 600 l\/s (primera etapa).<\/p>\n","protected":false},"excerpt":{"rendered":"<p>Sanitaria ingres\u00f3 con calificaci\u00f3n de urgencia el Estudio de Impacto Ambiental para la evaluaci\u00f3n del proyecto, que permitir\u00e1 contar con una nueva fuente para asegurar el agua para consumo humano. La Serena, Mayo del 2022.\u00a0Tras m\u00e1s de 5 a\u00f1os de estudios ambientales, sociales y de infraestructura, Aguas del Valle ingres\u00f3<\/p>\n","protected":false},"author":1,"featured_media":880,"comment_status":"closed","ping_status":"open","sticky":false,"template":"","format":"standard","meta":{"footnotes":""},"categories":[45],"tags":[],"class_list":["post-879","post","type-post","status-publish","format-standard","has-post-thumbnail","hentry","category-aguas-del-valle"],"_links":{"self":[{"href":"https:\/\/minutaregional.cl\/index.php?rest_route=\/wp\/v2\/posts\/879","targetHints":{"allow":["GET"]}}],"collection":[{"href":"https:\/\/minutaregional.cl\/index.php?rest_route=\/wp\/v2\/posts"}],"about":[{"href":"https:\/\/minutaregional.cl\/index.php?rest_route=\/wp\/v2\/types\/post"}],"author":[{"embeddable":true,"href":"https:\/\/minutaregional.cl\/index.php?rest_route=\/wp\/v2\/users\/1"}],"replies":[{"embeddable":true,"href":"https:\/\/minutaregional.cl\/index.php?rest_route=%2Fwp%2Fv2%2Fcomments&post=879"}],"version-history":[{"count":1,"href":"https:\/\/minutaregional.cl\/index.php?rest_route=\/wp\/v2\/posts\/879\/revisions"}],"predecessor-version":[{"id":881,"href":"https:\/\/minutaregional.cl\/index.php?rest_route=\/wp\/v2\/posts\/879\/revisions\/881"}],"wp:featuredmedia":[{"embeddable":true,"href":"https:\/\/minutaregional.cl\/index.php?rest_route=\/wp\/v2\/media\/880"}],"wp:attachment":[{"href":"https:\/\/minutaregional.cl\/index.php?rest_route=%2Fwp%2Fv2%2Fmedia&parent=879"}],"wp:term":[{"taxonomy":"category","embeddable":true,"href":"https:\/\/minutaregional.cl\/index.php?rest_route=%2Fwp%2Fv2%2Fcategories&post=879"},{"taxonomy":"post_tag","embeddable":true,"href":"https:\/\/minutaregional.cl\/index.php?rest_route=%2Fwp%2Fv2%2Ftags&post=879"}],"curies":[{"name":"wp","href":"https:\/\/api.w.org\/{rel}","templated":true}]}}