{"id":864,"date":"2022-05-12T16:18:32","date_gmt":"2022-05-12T16:18:32","guid":{"rendered":"https:\/\/minutaregional.cl\/?p=864"},"modified":"2022-05-12T16:18:32","modified_gmt":"2022-05-12T16:18:32","slug":"diputado-manouchehri-solicita-al-gobierno-apoyo-a-chao-dicom","status":"publish","type":"post","link":"https:\/\/minutaregional.cl\/?p=864","title":{"rendered":"Diputado Manouchehri Solicita al Gobierno Apoyo a Chao Dicom"},"content":{"rendered":"<p style=\"text-align: justify;\"><em>Tras la reuni\u00f3n con el Ministro de Hacienda, el parlamentario y presidente de la Comisi\u00f3n de Econom\u00eda de la C\u00e1mara espera contar con el apoyo del Ejecutivo en la tramitaci\u00f3n del proyecto.<\/em><\/p>\n<p style=\"text-align: justify;\">El diputado y presidente de la Comisi\u00f3n de Econom\u00eda, Daniel Manouchehri, se reuni\u00f3 con el ministro de Hacienda, Mario Marcel, para abordar los puntos contemplados en el proyecto de ley \u201cChao Dicom\u201d. El di\u00e1logo se realiz\u00f3 en la antesala a la discusi\u00f3n parlamentaria de la iniciativa en Comisi\u00f3n.<\/p>\n<p style=\"text-align: justify;\">\u201cLe hemos planteado al ministro Marcel lo importante que es para millones de personas el proyecto que elimina los registros de Dicom. Es una segunda oportunidad, y sin duda ayudar\u00e1 a la reactivaci\u00f3n de la econom\u00eda. Este es un drama que golpea a trabajadores y trabajadoras, a emprendedores y empresas familiares. Con este proyecto buscamos ayudar a 5 millones de personas\u201d, expres\u00f3 Manouchehri respecto a la tramitaci\u00f3n de \u201cChao Dicom\u201d.<\/p>\n<p style=\"text-align: justify;\">La iniciativa, impulsada por el representante socialista y respaldada por diputadas y diputados de diverso color pol\u00edtico, est\u00e1 en conocimiento del Gobierno. En Comisi\u00f3n, el ministro de Econom\u00eda, Nicol\u00e1s Grau, expres\u00f3 que el proyecto va en l\u00ednea con el programa de Gobierno. \u201cHa sido una buena reuni\u00f3n con el ministro de Hacienda, hemos conversado y aclarado dudas respecto del proyecto. Esperamos contar con el apoyo del Ejecutivo\u201d, apunt\u00f3 el diputado Manouchehri.<\/p>\n<p><iframe loading=\"lazy\" title=\"Diputado Manouchehri solicita al Gobierno apoyo a Chao Dicom\" width=\"800\" height=\"450\" src=\"https:\/\/www.youtube.com\/embed\/CboZCPPRSY8?feature=oembed\" frameborder=\"0\" allow=\"accelerometer; autoplay; clipboard-write; encrypted-media; gyroscope; picture-in-picture\" allowfullscreen><\/iframe><\/p>\n","protected":false},"excerpt":{"rendered":"<p>Tras la reuni\u00f3n con el Ministro de Hacienda, el parlamentario y presidente de la Comisi\u00f3n de Econom\u00eda de la C\u00e1mara espera contar con el apoyo del Ejecutivo en la tramitaci\u00f3n del proyecto. El diputado y presidente de la Comisi\u00f3n de Econom\u00eda, Daniel Manouchehri, se reuni\u00f3 con el ministro de Hacienda,<\/p>\n","protected":false},"author":1,"featured_media":866,"comment_status":"closed","ping_status":"open","sticky":false,"template":"","format":"standard","meta":{"footnotes":""},"categories":[26],"tags":[],"class_list":["post-864","post","type-post","status-publish","format-standard","has-post-thumbnail","hentry","category-camara-de-diputadas-y-diputados"],"_links":{"self":[{"href":"https:\/\/minutaregional.cl\/index.php?rest_route=\/wp\/v2\/posts\/864","targetHints":{"allow":["GET"]}}],"collection":[{"href":"https:\/\/minutaregional.cl\/index.php?rest_route=\/wp\/v2\/posts"}],"about":[{"href":"https:\/\/minutaregional.cl\/index.php?rest_route=\/wp\/v2\/types\/post"}],"author":[{"embeddable":true,"href":"https:\/\/minutaregional.cl\/index.php?rest_route=\/wp\/v2\/users\/1"}],"replies":[{"embeddable":true,"href":"https:\/\/minutaregional.cl\/index.php?rest_route=%2Fwp%2Fv2%2Fcomments&post=864"}],"version-history":[{"count":1,"href":"https:\/\/minutaregional.cl\/index.php?rest_route=\/wp\/v2\/posts\/864\/revisions"}],"predecessor-version":[{"id":867,"href":"https:\/\/minutaregional.cl\/index.php?rest_route=\/wp\/v2\/posts\/864\/revisions\/867"}],"wp:featuredmedia":[{"embeddable":true,"href":"https:\/\/minutaregional.cl\/index.php?rest_route=\/wp\/v2\/media\/866"}],"wp:attachment":[{"href":"https:\/\/minutaregional.cl\/index.php?rest_route=%2Fwp%2Fv2%2Fmedia&parent=864"}],"wp:term":[{"taxonomy":"category","embeddable":true,"href":"https:\/\/minutaregional.cl\/index.php?rest_route=%2Fwp%2Fv2%2Fcategories&post=864"},{"taxonomy":"post_tag","embeddable":true,"href":"https:\/\/minutaregional.cl\/index.php?rest_route=%2Fwp%2Fv2%2Ftags&post=864"}],"curies":[{"name":"wp","href":"https:\/\/api.w.org\/{rel}","templated":true}]}}