{"id":857,"date":"2022-05-12T15:50:12","date_gmt":"2022-05-12T15:50:12","guid":{"rendered":"https:\/\/minutaregional.cl\/?p=857"},"modified":"2022-05-12T15:50:12","modified_gmt":"2022-05-12T15:50:12","slug":"pdi-y-sernameg-formalizan-convenio-para-fortalecer-la-investigacion-acogida-y-atencion-oportuna-de-mujeres-victimas-de-violencia","status":"publish","type":"post","link":"https:\/\/minutaregional.cl\/?p=857","title":{"rendered":"PDI y SernamEG Formalizan Convenio para Fortalecer la Investigaci\u00f3n, Acogida y Atenci\u00f3n Oportuna de Mujeres V\u00edctimas de Violencia."},"content":{"rendered":"<audio class=\"wp-audio-shortcode\" id=\"audio-857-1\" preload=\"none\" style=\"width: 100%;\" controls=\"controls\"><source type=\"audio\/mpeg\" src=\"https:\/\/minutaregional.cl\/wp-content\/uploads\/2022\/05\/CUNA-JEFE-PDI-convenio.mp3?_=1\" \/><a href=\"https:\/\/minutaregional.cl\/wp-content\/uploads\/2022\/05\/CUNA-JEFE-PDI-convenio.mp3\">https:\/\/minutaregional.cl\/wp-content\/uploads\/2022\/05\/CUNA-JEFE-PDI-convenio.mp3<\/a><\/audio>\n<p>AUDIO : Prefecto Inspector <strong>Ricardo Gatica Aliaga<\/strong>, Jefe de la Regi\u00f3n Policial de Coquimbo<\/p>\n<ul>\n<li style=\"text-align: justify;\"><em>La uni\u00f3n entre ambas instituciones establece un trabajo colaborativo permanente para contar con herramientas especializadas al servicio de investigaciones por delitos de violencia de g\u00e9nero. <\/em><\/li>\n<\/ul>\n<p style=\"text-align: justify;\">Entregar una r\u00e1pida asistencia, orientaci\u00f3n y acompa\u00f1amiento a mujeres v\u00edctimas de violencia, son parte de los alcances del convenio que suscribieron el Servicio Nacional de la Mujer y la Equidad de G\u00e9nero (SernamEG) con la Polic\u00eda de Investigaciones de Chile (PDI) en la Regi\u00f3n de Coquimbo.<\/p>\n<p style=\"text-align: justify;\">La alianza establece que, cuando una mujer denuncia violencia, manifieste su consentimiento de manera expresa, para aceptar que sus datos de contacto sean ingresados en la red de apoyo especializado de SernamEG. De esta manera, se les ofrece una atenci\u00f3n oportuna psicosocial, educativa y\/o representaci\u00f3n judicial a trav\u00e9s de los Centros de la Mujer.<\/p>\n<p style=\"text-align: justify;\">\u201cNuestro compromiso irrestricto est\u00e1 en velar por los Derechos Humanos y es transversal, a todas nuestras acciones. Como PDI, agradecemos este convenio de colaboraci\u00f3n, porque refuerza nuestro rol de apoyo a la comunidad y poder capacitar a nuestros funcionarios\/as para identificar situaciones de violencia de g\u00e9nero, a tiempo, para frenarla y que las v\u00edctimas no sufran hechos m\u00e1s graves, porque la violencia contra la mujer, es un delito\u201d, se\u00f1al\u00f3 el Prefecto Inspector <strong>Ricardo Gatica Aliaga<\/strong>, Jefe de la Regi\u00f3n Policial de Coquimbo.<\/p>\n<p style=\"text-align: justify;\">Desde el SernamEG, tambi\u00e9n se firm\u00f3 el compromiso de entregar la mayor cantidad de herramientas para que la entidad policial pueda ejercer su labor investigativa, con perspectiva de g\u00e9nero. El acuerdo consiste en una constante capacitaci\u00f3n, tanto para la prevenci\u00f3n como su erradicaci\u00f3n, disponer herramientas para su abordaje y sensibilizaci\u00f3n del personal, lo que permitir\u00e1 fortalecer la acogida temprana a las denunciantes de violencia.<\/p>\n<p style=\"text-align: justify;\">La Directora Regional (s) del SernamEG,\u00a0<strong>Leyla Vilches S\u00e1nchez<\/strong>, enfatiz\u00f3 que \u201cnos resulta fundamental dejar claro que la violencia contra las mujeres constituye una violaci\u00f3n a los derechos humanos y las libertades fundamentales. Erradicarla es un compromiso que debemos adquirir como sociedad. En este sentido, la prevenci\u00f3n es y ser\u00e1 clave en la construcci\u00f3n de una sociedad m\u00e1s justa, en igualdad de condiciones y oportunidades entre hombres y mujeres y, por supuesto, libre de violencia, para lo cual, necesitamos el esfuerzo de todos y todas\u201d.<\/p>\n<p style=\"text-align: justify;\">La ceremonia de la firma del convenio se realiz\u00f3 en el auditorio de la Regi\u00f3n Policial de Coquimbo, con la presencia de la Seremi de la Mujer y la Equidad de G\u00e9nero, <strong>Fernanda Glaser Danton<\/strong>, como Ministra de Fe, que destac\u00f3 este acercamiento interinstitucional para evitar la violencia contra las mujeres. \u201cEste convenio es mucho m\u00e1s especializado, tiene que ver con las denuncias, pero tambi\u00e9n con la investigaci\u00f3n. Eso es importante reforzarlo, porque hay un compromiso, una obligaci\u00f3n, por parte de los Estados de investigar la violencia contra las mujeres, femicidios, femicidios frustrados y esa experiencia t\u00e9cnica la lleva el SernamEG. Por lo tanto, desde este Gobierno Feminista, destacamos esta alianza que es muy valiosa, ya que adem\u00e1s permitir\u00e1 ir estandarizando una forma de actuar de parte de las polic\u00edas, sobre todo, a la hora de tomar los relatos e investigar con perspectiva de g\u00e9nero\u201d.<\/p>\n<p style=\"text-align: justify;\">Si alguien sufre violencia de g\u00e9nero, o es testigo, debe comunicarlo al Fono Orientaci\u00f3n del SernamEG 1455, atendido por especialistas las 24 horas del d\u00eda, los 7 d\u00edas de la semana, incluso sin saldo en el celular. Tambi\u00e9n se puede escribir al WhatsApp +569 9700 7000 o al Chat Web en\u00a0<a href=\"http:\/\/sernameg.gob.cl\/\">sernameg.gob.cl<\/a> y para denuncias al 149, Fono Familia de Carabineros, y al Fono Emergencias 134, de la PDI.<\/p>\n<p style=\"text-align: justify;\">\n","protected":false},"excerpt":{"rendered":"<p>AUDIO : Prefecto Inspector Ricardo Gatica Aliaga, Jefe de la Regi\u00f3n Policial de Coquimbo La uni\u00f3n entre ambas instituciones establece un trabajo colaborativo permanente para contar con herramientas especializadas al servicio de investigaciones por delitos de violencia de g\u00e9nero. Entregar una r\u00e1pida asistencia, orientaci\u00f3n y acompa\u00f1amiento a mujeres v\u00edctimas de<\/p>\n","protected":false},"author":1,"featured_media":859,"comment_status":"closed","ping_status":"open","sticky":false,"template":"","format":"standard","meta":{"footnotes":""},"categories":[14],"tags":[],"class_list":["post-857","post","type-post","status-publish","format-standard","has-post-thumbnail","hentry","category-pdi"],"_links":{"self":[{"href":"https:\/\/minutaregional.cl\/index.php?rest_route=\/wp\/v2\/posts\/857","targetHints":{"allow":["GET"]}}],"collection":[{"href":"https:\/\/minutaregional.cl\/index.php?rest_route=\/wp\/v2\/posts"}],"about":[{"href":"https:\/\/minutaregional.cl\/index.php?rest_route=\/wp\/v2\/types\/post"}],"author":[{"embeddable":true,"href":"https:\/\/minutaregional.cl\/index.php?rest_route=\/wp\/v2\/users\/1"}],"replies":[{"embeddable":true,"href":"https:\/\/minutaregional.cl\/index.php?rest_route=%2Fwp%2Fv2%2Fcomments&post=857"}],"version-history":[{"count":1,"href":"https:\/\/minutaregional.cl\/index.php?rest_route=\/wp\/v2\/posts\/857\/revisions"}],"predecessor-version":[{"id":860,"href":"https:\/\/minutaregional.cl\/index.php?rest_route=\/wp\/v2\/posts\/857\/revisions\/860"}],"wp:featuredmedia":[{"embeddable":true,"href":"https:\/\/minutaregional.cl\/index.php?rest_route=\/wp\/v2\/media\/859"}],"wp:attachment":[{"href":"https:\/\/minutaregional.cl\/index.php?rest_route=%2Fwp%2Fv2%2Fmedia&parent=857"}],"wp:term":[{"taxonomy":"category","embeddable":true,"href":"https:\/\/minutaregional.cl\/index.php?rest_route=%2Fwp%2Fv2%2Fcategories&post=857"},{"taxonomy":"post_tag","embeddable":true,"href":"https:\/\/minutaregional.cl\/index.php?rest_route=%2Fwp%2Fv2%2Ftags&post=857"}],"curies":[{"name":"wp","href":"https:\/\/api.w.org\/{rel}","templated":true}]}}