{"id":849,"date":"2022-05-12T15:25:36","date_gmt":"2022-05-12T15:25:36","guid":{"rendered":"https:\/\/minutaregional.cl\/?p=849"},"modified":"2022-05-12T15:29:32","modified_gmt":"2022-05-12T15:29:32","slug":"senador-nunez-apoya-proyecto-de-ley-sobre-cierre-del-comercio-a-las-19-hrs","status":"publish","type":"post","link":"https:\/\/minutaregional.cl\/?p=849","title":{"rendered":"SENADOR N\u00da\u00d1EZ APOYA PROYECTO DE LEY SOBRE CIERRE DEL COMERCIO A LAS 19 HRS"},"content":{"rendered":"<div>\n<audio class=\"wp-audio-shortcode\" id=\"audio-849-1\" preload=\"none\" style=\"width: 100%;\" controls=\"controls\"><source type=\"audio\/mpeg\" src=\"https:\/\/minutaregional.cl\/wp-content\/uploads\/2022\/05\/Senador-Nunez-retail.m4a?_=1\" \/><a href=\"https:\/\/minutaregional.cl\/wp-content\/uploads\/2022\/05\/Senador-Nunez-retail.m4a\">https:\/\/minutaregional.cl\/wp-content\/uploads\/2022\/05\/Senador-Nunez-retail.m4a<\/a><\/audio>\n<\/div>\n<div>AUDIO : Senador Daniel N\u00fa\u00f1ez<\/div>\n<div><\/div>\n<div style=\"text-align: justify;\">El Senador Daniel N\u00fa\u00f1ez se reuni\u00f3 con dirigentas sindicales de distintas empresas del retail de la regi\u00f3n de Coquimbo con la finalidad de apoyar el proyecto de ley sobre cierre del comercio a las 19 horas. Junto con ello, se comprometi\u00f3 adem\u00e1s a agilizar su tramitaci\u00f3n en el Senado porque es una necesidad urgente por la inseguridad y en muchos casos, falta de transporte p\u00fablico.<\/div>\n<div style=\"text-align: justify;\"><\/div>\n<div style=\"text-align: justify;\">\u00abMe han planteado la necesidad de que se apruebe pronto la ley que permite el cierre del comercio a las 19 horas. Esto es una necesidad urgente, ya que hay trabajadores que terminan saliendo de sus lugares de trabajo a la medianoche. Esto produce agobio, estr\u00e9s y una absoluta p\u00e9rdida de relaci\u00f3n con sus familias. Es una necesidad urgente que esto se apruebe en el Senado, tienen todo mi apoyo\u00bb, afirm\u00f3 el senador N\u00fa\u00f1ez.<\/div>\n<div style=\"text-align: justify;\"><\/div>\n<div style=\"text-align: justify;\">Ruth Campusano, vocera de los sindicatos del retail y dirigenta del sindicato Salcobrand indic\u00f3 que \u00abcuando era diputado apoy\u00f3 este proyecto, ahora nos reunimos con \u00e9l para que nos siga apoyando y que todo el retail est\u00e9 fuera de sus lugares de trabajo a las 20 horas, se cierra a las 19, pero todos fuera de su lugar de trabajo a las 20 horas. Hay negocios y algunas tiendas que est\u00e1n cerrando temprano, pero era por la pandemia, ahora est\u00e1n volviendo a sus horarios habituales, empezando los supermercados. Hay inseguridad, locomoci\u00f3n paup\u00e9rrima, entonces debemos evitar acosos, asaltos, ya hemos tenido denuncias al respecto\u00bb.<\/div>\n<div style=\"text-align: justify;\"><\/div>\n<div style=\"text-align: justify;\">El actual proyecto de ley sigue en el Senado. La Comisi\u00f3n del Trabajo hab\u00eda modificado la propuesta de cierre a las 20 horas, pero los trabajadores reiteran que debe ser a las 19, para estar fuera a las 20 horas, no a las 21 horas. Quedar\u00edan excluidos de este horario, los clubes, restaurantes y entretenimiento (cines, casinos, bares entre otros) y las microempresas que no queden ubicados en grandes centros comerciales.<\/div>\n","protected":false},"excerpt":{"rendered":"<p>AUDIO : Senador Daniel N\u00fa\u00f1ez El Senador Daniel N\u00fa\u00f1ez se reuni\u00f3 con dirigentas sindicales de distintas empresas del retail de la regi\u00f3n de Coquimbo con la finalidad de apoyar el proyecto de ley sobre cierre del comercio a las 19 horas. Junto con ello, se comprometi\u00f3 adem\u00e1s a agilizar su<\/p>\n","protected":false},"author":1,"featured_media":850,"comment_status":"closed","ping_status":"open","sticky":false,"template":"","format":"standard","meta":{"footnotes":""},"categories":[26],"tags":[],"class_list":["post-849","post","type-post","status-publish","format-standard","has-post-thumbnail","hentry","category-camara-de-diputadas-y-diputados"],"_links":{"self":[{"href":"https:\/\/minutaregional.cl\/index.php?rest_route=\/wp\/v2\/posts\/849","targetHints":{"allow":["GET"]}}],"collection":[{"href":"https:\/\/minutaregional.cl\/index.php?rest_route=\/wp\/v2\/posts"}],"about":[{"href":"https:\/\/minutaregional.cl\/index.php?rest_route=\/wp\/v2\/types\/post"}],"author":[{"embeddable":true,"href":"https:\/\/minutaregional.cl\/index.php?rest_route=\/wp\/v2\/users\/1"}],"replies":[{"embeddable":true,"href":"https:\/\/minutaregional.cl\/index.php?rest_route=%2Fwp%2Fv2%2Fcomments&post=849"}],"version-history":[{"count":1,"href":"https:\/\/minutaregional.cl\/index.php?rest_route=\/wp\/v2\/posts\/849\/revisions"}],"predecessor-version":[{"id":852,"href":"https:\/\/minutaregional.cl\/index.php?rest_route=\/wp\/v2\/posts\/849\/revisions\/852"}],"wp:featuredmedia":[{"embeddable":true,"href":"https:\/\/minutaregional.cl\/index.php?rest_route=\/wp\/v2\/media\/850"}],"wp:attachment":[{"href":"https:\/\/minutaregional.cl\/index.php?rest_route=%2Fwp%2Fv2%2Fmedia&parent=849"}],"wp:term":[{"taxonomy":"category","embeddable":true,"href":"https:\/\/minutaregional.cl\/index.php?rest_route=%2Fwp%2Fv2%2Fcategories&post=849"},{"taxonomy":"post_tag","embeddable":true,"href":"https:\/\/minutaregional.cl\/index.php?rest_route=%2Fwp%2Fv2%2Ftags&post=849"}],"curies":[{"name":"wp","href":"https:\/\/api.w.org\/{rel}","templated":true}]}}