{"id":846,"date":"2022-05-12T15:17:01","date_gmt":"2022-05-12T15:17:01","guid":{"rendered":"https:\/\/minutaregional.cl\/?p=846"},"modified":"2022-05-12T15:17:01","modified_gmt":"2022-05-12T15:17:01","slug":"minvu-compromete-analisis-para-financiamiento-directo-a-proyecto-de-viviendas-en-ovalle","status":"publish","type":"post","link":"https:\/\/minutaregional.cl\/?p=846","title":{"rendered":"MINVU COMPROMETE AN\u00c1LISIS PARA FINANCIAMIENTO DIRECTO A PROYECTO DE VIVIENDAS EN OVALLE"},"content":{"rendered":"<div style=\"text-align: justify;\">20 a\u00f1os de espera para su vivienda han tenido que esperar algunos comit\u00e9s en Ovalle y ahora, al fin, est\u00e1n viendo la luz al final del t\u00fanel. El Ministro de la Vivienda, Carlos Montes se comprometi\u00f3 a analizar financiamiento directo para el proyecto Villa El Tr\u00e9bol en Ovalle y har\u00e1 una visita para observar las necesidades de los comit\u00e9s que componen este proyecto, que son 7, m\u00e1s de 450 familias esperando y que est\u00e1n desfinanciados. A esta cita estuvieron presentes los Comit\u00e9s afectados y los senadores Daniel N\u00fa\u00f1ez y Mat\u00edas Walker.<\/div>\n<div style=\"text-align: justify;\"><\/div>\n<div style=\"text-align: justify;\">Yorka Rodr\u00edguez, vocera de los siete comit\u00e9s de Villa El Tr\u00e9bol indic\u00f3 que \u00able pedimos al ministro un llamado especial para que pueda financiar nuestro proyecto porque estamos desfinanciados. Se comprometi\u00f3 a que en dos semanas m\u00e1s, nos tendr\u00eda una respuesta y lo esperaremos en Ovalle para que vea en terreno nuestro proyecto\u00bb.<\/div>\n<div style=\"text-align: justify;\"><\/div>\n<div style=\"text-align: justify;\">El senador N\u00fa\u00f1ez sostuvo que \u00abestamos muy esperanzados. Son varios comit\u00e9s de Villa El Tr\u00e9bol, se les entreg\u00f3 el terreno, y ya llevan esperando 4 a\u00f1os. Es indignante que durante el Gobierno pasado no fueran capaces de concretar la construcci\u00f3n de sus viviendas. El ministro nos escuch\u00f3, tiene toda la voluntad de poder resolver, lo importante es que el ministro se comprometi\u00f3 en resolver 260 mil viviendas en estos 4 a\u00f1os, es el compromiso del Pdte Gabriel Boric. Quiero decirle a las familias que est\u00e9n tranquilas, tienen\u00a0todo listo. Esperamos que comiencen con la construcci\u00f3n de las viviendas este a\u00f1o\u00bb.<\/div>\n<div style=\"text-align: justify;\"><\/div>\n<div style=\"text-align: justify;\">El senador Walker dijo que \u00abha sido una reuni\u00f3n muy positiva junto con los 7 comit\u00e9s del proyecto El Tr\u00e9bol en Ovalle. Estamos sumando fuerzas para que se puedan reactivar todos los proyectos que hace mucho tiempo est\u00e1n esperando una soluci\u00f3n. Son proyectos que adem\u00e1s van a reactivar la econom\u00eda en la regi\u00f3n. Son 478 viviendas de esta segunda etapa del proyecto de la Villa Agr\u00edcola y hay d\u00e9ficit, debido al costo de urbanizaci\u00f3n, de la habilitaci\u00f3n de las viviendas. Tenemos el compromiso del ministro v\u00eda asignaci\u00f3n directa buscar una soluci\u00f3n y esperamos que el ministro vaya a Ovalle a visitar el proyecto\u00bb.<\/div>\n<div><\/div>\n<div>\n<p><iframe loading=\"lazy\" title=\"MINVU COMPROMETE AN\u00c1LISIS PARA FINANCIAMIENTO DIRECTO A PROYECTO DE VIVIENDAS EN OVALLE\" width=\"800\" height=\"450\" src=\"https:\/\/www.youtube.com\/embed\/rhwuwPsiAyU?feature=oembed\" frameborder=\"0\" allow=\"accelerometer; autoplay; clipboard-write; encrypted-media; gyroscope; picture-in-picture\" allowfullscreen><\/iframe><\/p>\n<\/div>\n<div><\/div>\n<div><\/div>\n","protected":false},"excerpt":{"rendered":"<p>20 a\u00f1os de espera para su vivienda han tenido que esperar algunos comit\u00e9s en Ovalle y ahora, al fin, est\u00e1n viendo la luz al final del t\u00fanel. El Ministro de la Vivienda, Carlos Montes se comprometi\u00f3 a analizar financiamiento directo para el proyecto Villa El Tr\u00e9bol en Ovalle y har\u00e1<\/p>\n","protected":false},"author":1,"featured_media":847,"comment_status":"closed","ping_status":"open","sticky":false,"template":"","format":"standard","meta":{"footnotes":""},"categories":[26],"tags":[],"class_list":["post-846","post","type-post","status-publish","format-standard","has-post-thumbnail","hentry","category-camara-de-diputadas-y-diputados"],"_links":{"self":[{"href":"https:\/\/minutaregional.cl\/index.php?rest_route=\/wp\/v2\/posts\/846","targetHints":{"allow":["GET"]}}],"collection":[{"href":"https:\/\/minutaregional.cl\/index.php?rest_route=\/wp\/v2\/posts"}],"about":[{"href":"https:\/\/minutaregional.cl\/index.php?rest_route=\/wp\/v2\/types\/post"}],"author":[{"embeddable":true,"href":"https:\/\/minutaregional.cl\/index.php?rest_route=\/wp\/v2\/users\/1"}],"replies":[{"embeddable":true,"href":"https:\/\/minutaregional.cl\/index.php?rest_route=%2Fwp%2Fv2%2Fcomments&post=846"}],"version-history":[{"count":1,"href":"https:\/\/minutaregional.cl\/index.php?rest_route=\/wp\/v2\/posts\/846\/revisions"}],"predecessor-version":[{"id":848,"href":"https:\/\/minutaregional.cl\/index.php?rest_route=\/wp\/v2\/posts\/846\/revisions\/848"}],"wp:featuredmedia":[{"embeddable":true,"href":"https:\/\/minutaregional.cl\/index.php?rest_route=\/wp\/v2\/media\/847"}],"wp:attachment":[{"href":"https:\/\/minutaregional.cl\/index.php?rest_route=%2Fwp%2Fv2%2Fmedia&parent=846"}],"wp:term":[{"taxonomy":"category","embeddable":true,"href":"https:\/\/minutaregional.cl\/index.php?rest_route=%2Fwp%2Fv2%2Fcategories&post=846"},{"taxonomy":"post_tag","embeddable":true,"href":"https:\/\/minutaregional.cl\/index.php?rest_route=%2Fwp%2Fv2%2Ftags&post=846"}],"curies":[{"name":"wp","href":"https:\/\/api.w.org\/{rel}","templated":true}]}}