{"id":838,"date":"2022-05-12T02:28:51","date_gmt":"2022-05-12T02:28:51","guid":{"rendered":"https:\/\/minutaregional.cl\/?p=838"},"modified":"2022-05-12T02:28:51","modified_gmt":"2022-05-12T02:28:51","slug":"diputados-ps-acusan-que-proyecto-que-crea-el-servicio-de-biodiversidad-y-areas-protegidas-servira-para-lucrar-con-parque-nacionales","status":"publish","type":"post","link":"https:\/\/minutaregional.cl\/?p=838","title":{"rendered":"Diputados PS Acusan que Proyecto que Crea el Servicio de Biodiversidad y \u00c1reas Protegidas Servir\u00e1 para Lucrar con Parque Nacionales"},"content":{"rendered":"<p style=\"text-align: justify;\">Los parlamentarios del PS Emilia Nuyado y Daniel Manouchehri, presentaron una serie de indicaciones a la iniciativa que crea el Servicio de Biodiversidad y \u00c1reas Silvestres (SBAP), para su discusi\u00f3n en particular en la Comisi\u00f3n de Agricultura. Diversas organizaciones como el Sindicato Nacional de Trabajadores de CONAF y la Agrupaci\u00f3n de Ingenieros Forestales por el Bosque Nativo manifestaron reparos con el proyecto de ley.<\/p>\n<p>El diputado por la Regi\u00f3n de Coquimbo, Daniel Manouchehri, acus\u00f3 que la iniciativa \u201cviene a completar el modelo liberal imperante en los \u00faltimos 30 a\u00f1os. Despu\u00e9s del agua, salud, educaci\u00f3n y previsi\u00f3n ahora es el turno del Patrimonio Natural que pertenece a todos los ciudadanos\u201d.<\/p>\n<p>En tanto, la diputada Mapuche Emilia Nuyado manifest\u00f3 su rechazo al proyecto SBAP debido a \u00abuna serie de inconsistencias y efectos negativos que podr\u00eda tener sobre los trabajadores de la CONAF. La matriz de este proyecto tiene varios baches, pero nos preocupan especialmente dos aspectos. El primero relacionado sobre la entrega de recursos a parques que actualmente son privados y que incentivan el negocio con nuestra fauna y nuestras riquezas naturales. Tal como est\u00e1 el proyecto podr\u00eda darse que el parque Tantauco del ex Presidente Pi\u00f1era reciba recursos estatales, permitiendo adem\u00e1s que haga negocios a trav\u00e9s de concesiones\u201d.<\/p>\n<p>La iniciativa fue aprobada por el Senado y est\u00e1 a la espera de recibir las indicaciones de la C\u00e1mara. La moci\u00f3n busca centralizar la conservaci\u00f3n de la biodiversidad en Chile mediante una sola instituci\u00f3n, la SBAP, sumada a la creaci\u00f3n de un \u00fanico Sistema Nacional de \u00c1reas Protegidas, apelando a una mayor eficiencia en la distribuci\u00f3n de recursos humanos y financieros.<\/p>\n<p>Respecto a la institucionalidad propuesta, el diputado Manouchehri agreg\u00f3 que \u201cda cabida al lucro; restringe la democratizaci\u00f3n de las \u00c1reas Silvestres; favorece la aprobaci\u00f3n de los proyectos sometidos a Estudios de Impacto Ambiental; crea un nuevo rubro de negocios basados en la biodiversidad en un mercado desregulado; e incluso da cabida a la p\u00e9rdida de biodiversidad que dice conserva; y cimenta la privatizaci\u00f3n en los Parque Nacionales. Transforma a los ciudadanos en clientes y no en ciudadanos con derechos sobre el patrimonio natural. En suma, \u2018se abrir\u00e1n los grandes Parques Nacionales, no para que pase el hombre libre\u2019, sino que para que pase el hombre adinerado\u201d, denunci\u00f3 el parlamentario socialista.<\/p>\n<p>En relaci\u00f3n a los reparos de las organizaciones sociales, la diputada Nuyado destac\u00f3 que \u00abadem\u00e1s de todo nos encontramos con que este Servicio no cuenta con recursos suficientes para asegurar estabilidad y buenas condiciones laborales para los trabajadores de la CONAF y eso no lo puedo aprobar\u201d.<\/p>\n","protected":false},"excerpt":{"rendered":"<p>Los parlamentarios del PS Emilia Nuyado y Daniel Manouchehri, presentaron una serie de indicaciones a la iniciativa que crea el Servicio de Biodiversidad y \u00c1reas Silvestres (SBAP), para su discusi\u00f3n en particular en la Comisi\u00f3n de Agricultura. Diversas organizaciones como el Sindicato Nacional de Trabajadores de CONAF y la Agrupaci\u00f3n<\/p>\n","protected":false},"author":1,"featured_media":839,"comment_status":"closed","ping_status":"closed","sticky":false,"template":"","format":"standard","meta":{"footnotes":""},"categories":[26],"tags":[],"class_list":["post-838","post","type-post","status-publish","format-standard","has-post-thumbnail","hentry","category-camara-de-diputadas-y-diputados"],"_links":{"self":[{"href":"https:\/\/minutaregional.cl\/index.php?rest_route=\/wp\/v2\/posts\/838","targetHints":{"allow":["GET"]}}],"collection":[{"href":"https:\/\/minutaregional.cl\/index.php?rest_route=\/wp\/v2\/posts"}],"about":[{"href":"https:\/\/minutaregional.cl\/index.php?rest_route=\/wp\/v2\/types\/post"}],"author":[{"embeddable":true,"href":"https:\/\/minutaregional.cl\/index.php?rest_route=\/wp\/v2\/users\/1"}],"replies":[{"embeddable":true,"href":"https:\/\/minutaregional.cl\/index.php?rest_route=%2Fwp%2Fv2%2Fcomments&post=838"}],"version-history":[{"count":1,"href":"https:\/\/minutaregional.cl\/index.php?rest_route=\/wp\/v2\/posts\/838\/revisions"}],"predecessor-version":[{"id":840,"href":"https:\/\/minutaregional.cl\/index.php?rest_route=\/wp\/v2\/posts\/838\/revisions\/840"}],"wp:featuredmedia":[{"embeddable":true,"href":"https:\/\/minutaregional.cl\/index.php?rest_route=\/wp\/v2\/media\/839"}],"wp:attachment":[{"href":"https:\/\/minutaregional.cl\/index.php?rest_route=%2Fwp%2Fv2%2Fmedia&parent=838"}],"wp:term":[{"taxonomy":"category","embeddable":true,"href":"https:\/\/minutaregional.cl\/index.php?rest_route=%2Fwp%2Fv2%2Fcategories&post=838"},{"taxonomy":"post_tag","embeddable":true,"href":"https:\/\/minutaregional.cl\/index.php?rest_route=%2Fwp%2Fv2%2Ftags&post=838"}],"curies":[{"name":"wp","href":"https:\/\/api.w.org\/{rel}","templated":true}]}}