{"id":833,"date":"2022-05-12T02:10:19","date_gmt":"2022-05-12T02:10:19","guid":{"rendered":"https:\/\/minutaregional.cl\/?p=833"},"modified":"2022-05-12T02:10:19","modified_gmt":"2022-05-12T02:10:19","slug":"el-municipio-de-illapel-activo-un-programa-de-apoyo-al-comercio-local-y-a-la-dignificacion-de-las-ayudas-sociales","status":"publish","type":"post","link":"https:\/\/minutaregional.cl\/?p=833","title":{"rendered":"EL MUNICIPIO DE ILLAPEL ACTIV\u00d3 UN PROGRAMA DE  APOYO AL COMERCIO LOCAL Y  A LA DIGNIFICACI\u00d3N DE LAS AYUDAS SOCIALES"},"content":{"rendered":"<audio class=\"wp-audio-shortcode\" id=\"audio-833-1\" preload=\"none\" style=\"width: 100%;\" controls=\"controls\"><source type=\"audio\/mpeg\" src=\"https:\/\/minutaregional.cl\/wp-content\/uploads\/2022\/05\/alcalde-1.mp3?_=1\" \/><a href=\"https:\/\/minutaregional.cl\/wp-content\/uploads\/2022\/05\/alcalde-1.mp3\">https:\/\/minutaregional.cl\/wp-content\/uploads\/2022\/05\/alcalde-1.mp3<\/a><\/audio>\n<p>AUDIO : ALCALDE DENIS CORTES AGUILERA<\/p>\n<p style=\"text-align: justify;\">La Municipalidad de Illapel lanz\u00f3 el programa Locales Conectados, iniciativa que genera doble beneficio para la comunidad, por un lado, las ayudas sociales ser\u00e1n m\u00e1s oportunas y expeditas, y desde otra perspectiva, los almaceneros que tienen sus negocios en barrios de la ciudad, podr\u00e1n evidenciar una reactivaci\u00f3n econ\u00f3mica gracias a este convenio. Todo esto como lineamiento del alcalde de la comuna, Denis Cort\u00e9s Aguilera, qui\u00e9n comprometi\u00f3 trabajos para la comunidad desde distintos \u00e1mbitos, uno de ellos, el aporte econ\u00f3mico a vecinos y emprendedores illapelinos que se vieron mayormente afectados por la pandemia.<\/p>\n<p style=\"text-align: justify;\">En este sentido, el jefe municipal se refiri\u00f3 a las ayudas sociales que entrega la municipalidad y que estar\u00e1n dentro de este proyecto, se\u00f1alando que \u201ctratamos de dignificar la ayuda social, cosa que una persona pueda definir que va a hacer con el recurso entregado por el municipio y d\u00f3nde comprar, porque no es lo mismo para una mujer jefa de hogar que tiene tres o cuatro ni\u00f1os peque\u00f1os, que para un adulto mayor, son productos distintos que se requieren en tiempos y formas distintas, y eso es bueno que cada vecino lo pueda definir\u201d. Por otro lado, el alcalde hizo referencia a los motivos que lo llevaron a priorizar al comercio de barrio con las ayudas sociales, mencionando que \u201chab\u00eda mucha inquietud de que siempre eran los mismos proveedores o a veces cuando se hacen licitaciones son grandes consorcios los que obtienes los beneficios y a trav\u00e9s de locales conectados vamos a hacer que el propio local de barrio, el almac\u00e9n, pueda obtener los recursos que el municipio aprueba a trav\u00e9s de una ayuda social\u201d.<\/p>\n<p style=\"text-align: justify;\">Locales Conectados es una innovaci\u00f3n que transforma las cajas de mercader\u00eda en econom\u00eda local y cohesi\u00f3n social, mediante una plataforma transaccional que permite que las personas que reciben una ayuda social del municipio la canalicen a trav\u00e9s del comercio de barrio. El servicio contempla, adem\u00e1s, la implementaci\u00f3n de un sistema de aplicaci\u00f3n m\u00f3vil con una plataforma que ayuda a cargar la ayuda social en dinero a las cuentas virtuales de los beneficiarios, quienes podr\u00e1n realizar la compra de los bienes de primera necesidad en los locales registrados en el sistema, permitiendo entregar un doble impacto de beneficio, por una parte hacer m\u00e1s eficiente la entrega de ayuda, y por otra parte, el efecto de fomento productivo en los locales de barrios de la comuna.<\/p>\n<p style=\"text-align: justify;\">Sobre la importancia del poder de decisi\u00f3n de las personas sobre\u00a0 el alimento que adquieren priorizando las necesidades nutricionales de cada uno, el seremi de desarrollo social, Eduardo Alcayaga, mencion\u00f3 que \u201cel tema nutricional, hoy d\u00eda va a ser una decisi\u00f3n del n\u00facleo familiar de la personas que recibe la ayuda y evidentemente de manera muy digna. Es algo muy positivo, que yo celebro esta ideal del alcalde Denis Cort\u00e9s\u201d. Por su parte, la representante de la locataria de tercera edad, Teresa Aguilera, dijo que \u201cesto me parece fant\u00e1stico porque en realidad es lo que necesit\u00e1bamos, que todos fu\u00e9ramos parte de un comercio unido y el nombre lo dice Locales Conectados, eso significa que nosotros podemos ser parte de la red\u201d. Luis Riveros, presidente de la C\u00e1mara de Comerio de Illapel, destac\u00f3 que \u201cestamos super contentos con esta iniciativa que ha tenido el alcalde Denis Cort\u00e9s Aguilera, debido a que siempre estuvimos en desacuerdo en la forma que de entregaban los beneficios con las necesidades que estaba teniendo el pueblo, pero hoy d\u00eda creemos que se est\u00e1 canalizando de buena forma\u201d.<\/p>\n","protected":false},"excerpt":{"rendered":"<p>AUDIO : ALCALDE DENIS CORTES AGUILERA La Municipalidad de Illapel lanz\u00f3 el programa Locales Conectados, iniciativa que genera doble beneficio para la comunidad, por un lado, las ayudas sociales ser\u00e1n m\u00e1s oportunas y expeditas, y desde otra perspectiva, los almaceneros que tienen sus negocios en barrios de la ciudad, podr\u00e1n<\/p>\n","protected":false},"author":1,"featured_media":834,"comment_status":"closed","ping_status":"closed","sticky":false,"template":"","format":"standard","meta":{"footnotes":""},"categories":[22],"tags":[],"class_list":["post-833","post","type-post","status-publish","format-standard","has-post-thumbnail","hentry","category-muni-illapel"],"_links":{"self":[{"href":"https:\/\/minutaregional.cl\/index.php?rest_route=\/wp\/v2\/posts\/833","targetHints":{"allow":["GET"]}}],"collection":[{"href":"https:\/\/minutaregional.cl\/index.php?rest_route=\/wp\/v2\/posts"}],"about":[{"href":"https:\/\/minutaregional.cl\/index.php?rest_route=\/wp\/v2\/types\/post"}],"author":[{"embeddable":true,"href":"https:\/\/minutaregional.cl\/index.php?rest_route=\/wp\/v2\/users\/1"}],"replies":[{"embeddable":true,"href":"https:\/\/minutaregional.cl\/index.php?rest_route=%2Fwp%2Fv2%2Fcomments&post=833"}],"version-history":[{"count":2,"href":"https:\/\/minutaregional.cl\/index.php?rest_route=\/wp\/v2\/posts\/833\/revisions"}],"predecessor-version":[{"id":837,"href":"https:\/\/minutaregional.cl\/index.php?rest_route=\/wp\/v2\/posts\/833\/revisions\/837"}],"wp:featuredmedia":[{"embeddable":true,"href":"https:\/\/minutaregional.cl\/index.php?rest_route=\/wp\/v2\/media\/834"}],"wp:attachment":[{"href":"https:\/\/minutaregional.cl\/index.php?rest_route=%2Fwp%2Fv2%2Fmedia&parent=833"}],"wp:term":[{"taxonomy":"category","embeddable":true,"href":"https:\/\/minutaregional.cl\/index.php?rest_route=%2Fwp%2Fv2%2Fcategories&post=833"},{"taxonomy":"post_tag","embeddable":true,"href":"https:\/\/minutaregional.cl\/index.php?rest_route=%2Fwp%2Fv2%2Ftags&post=833"}],"curies":[{"name":"wp","href":"https:\/\/api.w.org\/{rel}","templated":true}]}}