{"id":830,"date":"2022-05-11T23:29:41","date_gmt":"2022-05-11T23:29:41","guid":{"rendered":"https:\/\/minutaregional.cl\/?p=830"},"modified":"2022-05-11T23:37:27","modified_gmt":"2022-05-11T23:37:27","slug":"diputadas-y-diputados-presentan-proyecto-de-ley-que-protege-el-ejercicio-de-periodistas-y-trabajadores-de-la-comunicacion","status":"publish","type":"post","link":"https:\/\/minutaregional.cl\/?p=830","title":{"rendered":"Diputadas y Diputados Presentan Proyecto de Ley que Protege el Ejercicio de Periodistas y Trabajadores de la Comunicaci\u00f3n"},"content":{"rendered":"<ul>\n<li>Chile es el primer pa\u00eds del mundo en ingresar proyecto de este tipo.<\/li>\n<\/ul>\n<p style=\"text-align: justify;\"><em>La iniciativa recoge los est\u00e1ndares en materia de derechos humanos y protecci\u00f3n de los y las periodistas y comunicadores, y consagra el deber estatal de promover la seguridad de la prensa.<\/em><\/p>\n<p style=\"text-align: justify;\">Este mi\u00e9rcoles, diputadas y diputados de diversas bancadas presentaron un proyecto de ley que busca garantizar el libre ejercicio profesional y sin violencia a periodistas y trabajadore\/as de las comunicaciones. La propuesta pretende fortalecer los marcos jur\u00eddicos nacionales y mecanismos de protecci\u00f3n para otorgar \u201csalvaguardias reales y exigibles al ejercicio de la libertad de prensa y el pluralismo de los medios de comunicaci\u00f3n\u201d.<\/p>\n<p style=\"text-align: justify;\">La iniciativa legal surge a partir de las denuncias generadas por el Colegio de Periodistas de Chile y los datos sistematizados por distintas organizaciones sobre situaciones de violencia contra periodistas y comunicadora\/es ocurridos desde la revuelta social de octubre del 2019; que incluyen adem\u00e1s casos de espionaje como el que sufri\u00f3 el periodista de investigaci\u00f3n, Mauricio Weibel.<\/p>\n<p style=\"text-align: justify;\">La diputada, ex presidenta del Colegio de Periodistas y una de las autoras del proyecto, Nathalie Castillo (PC), recalc\u00f3 la impunidad que existe por las agresiones sufridas contra comunicadores\/as durante las protestas de octubre. \u201cHemos registrado al menos 300 casos de violaciones a los derechos de las personas que trabajan en la prensa, de las que solo 60 han sido judicializados y\/o formalizados, por lo tanto, no tenemos hoy un marco normativo que se ajuste a lo que mandata las normas internacionales\u201d, destac\u00f3.<\/p>\n<p style=\"text-align: justify;\">\u201cLos ataques a la prensa es un atentado abierto a la libertad de expresi\u00f3n, al derecho de informar, por lo que el Estado debe garantizar que la prensa realice su labor en condiciones de protecci\u00f3n\u201d, recalc\u00f3 la diputada por Coquimbo.<\/p>\n<p style=\"text-align: justify;\">Mauricio Weibel destac\u00f3 que este proyecto es la adaptaci\u00f3n de Ley Modelo de Protecci\u00f3n a Periodistas y Personas Trabajadoras de la Prensa de la UNESCO, elaborada en el marco de debates impulsados por la Escuela Latinoamericana de Periodismo donde particip\u00f3 el periodista de investigaci\u00f3n y tambi\u00e9n Ricardo Rivas, junto a relatores de libertad de expresi\u00f3n de la OEA, representantes de la UNESCO.<\/p>\n<p style=\"text-align: justify;\">\u00a0\u201cMe siento profundamente orgulloso que Chile sea el primer pa\u00eds del mundo donde se presente esta iniciativa respalda por UNESCO, proyecto que defiende la libertad de expresi\u00f3n y la seguridad de periodistas, un paso para construir un Chile que sea capaz de dialogar sobre los problemas que lo aquejan\u201d, manifest\u00f3 el periodista.<\/p>\n<p style=\"text-align: justify;\">Por su parte, el presidente del Colegio de Periodistas de Chile, Danilo Ahumada, se\u00f1al\u00f3 que este proyecto de ley es un anhelo hist\u00f3rico del sector de la prensa ya que aborda vulneraciones que se han incrementado los \u00faltimos tres a\u00f1os y que ha tenido como efecto agresiones f\u00edsicas a periodistas y comunicadores\/as, a su vez, limitando el trabajo informativo y vulnerando la libertad de prensa. \u201cEl Colegio de Periodista ha denunciado a distintos \u00f3rganos internacionales las agresiones que vivi\u00f3 la prensa post inicio de la protesta social, ya que son graves violaciones a los derechos humanos. Por tanto, hemos impulsado el ingreso de esta ley, ya que el Estado debe garantizar la libertad de prensa y proteger a quienes trabajan en el \u00e1mbito informativo, entendiendo, que dicha labora se consagra en el marco internacional de derechos humanos y es un elemento clave para la democracia.<\/p>\n<p style=\"text-align: justify;\">Tambi\u00e9n estuvo en la presentaci\u00f3n del proyecto el diputado de Revoluci\u00f3n Democr\u00e1tica, Jorge Brito, quien argument\u00f3 que \u201ces importante que de forma transversal demos garant\u00edas de protecci\u00f3n a quienes realizan esta valiente labor, porque si un periodista investigativo est\u00e1 siendo amenazado, est\u00e1 siendo amenazada la democracia (..) estaremos solicitando al gobierno que apoye esta iniciativa\u201d, remarc\u00f3.<\/p>\n<p style=\"text-align: justify;\">En la presentaci\u00f3n del proyecto de ley participaron, adem\u00e1s, las y los diputados Nelson Venegas, Lorena Pizarro, Daniela Serrano, Gael Yeomans, Hotuiti Teao, Luis Cuello y la fot\u00f3grafa Nicole Kramm.<\/p>\n","protected":false},"excerpt":{"rendered":"<p>Chile es el primer pa\u00eds del mundo en ingresar proyecto de este tipo. La iniciativa recoge los est\u00e1ndares en materia de derechos humanos y protecci\u00f3n de los y las periodistas y comunicadores, y consagra el deber estatal de promover la seguridad de la prensa. Este mi\u00e9rcoles, diputadas y diputados de<\/p>\n","protected":false},"author":1,"featured_media":831,"comment_status":"closed","ping_status":"open","sticky":false,"template":"","format":"standard","meta":{"footnotes":""},"categories":[26],"tags":[],"class_list":["post-830","post","type-post","status-publish","format-standard","has-post-thumbnail","hentry","category-camara-de-diputadas-y-diputados"],"_links":{"self":[{"href":"https:\/\/minutaregional.cl\/index.php?rest_route=\/wp\/v2\/posts\/830","targetHints":{"allow":["GET"]}}],"collection":[{"href":"https:\/\/minutaregional.cl\/index.php?rest_route=\/wp\/v2\/posts"}],"about":[{"href":"https:\/\/minutaregional.cl\/index.php?rest_route=\/wp\/v2\/types\/post"}],"author":[{"embeddable":true,"href":"https:\/\/minutaregional.cl\/index.php?rest_route=\/wp\/v2\/users\/1"}],"replies":[{"embeddable":true,"href":"https:\/\/minutaregional.cl\/index.php?rest_route=%2Fwp%2Fv2%2Fcomments&post=830"}],"version-history":[{"count":1,"href":"https:\/\/minutaregional.cl\/index.php?rest_route=\/wp\/v2\/posts\/830\/revisions"}],"predecessor-version":[{"id":832,"href":"https:\/\/minutaregional.cl\/index.php?rest_route=\/wp\/v2\/posts\/830\/revisions\/832"}],"wp:featuredmedia":[{"embeddable":true,"href":"https:\/\/minutaregional.cl\/index.php?rest_route=\/wp\/v2\/media\/831"}],"wp:attachment":[{"href":"https:\/\/minutaregional.cl\/index.php?rest_route=%2Fwp%2Fv2%2Fmedia&parent=830"}],"wp:term":[{"taxonomy":"category","embeddable":true,"href":"https:\/\/minutaregional.cl\/index.php?rest_route=%2Fwp%2Fv2%2Fcategories&post=830"},{"taxonomy":"post_tag","embeddable":true,"href":"https:\/\/minutaregional.cl\/index.php?rest_route=%2Fwp%2Fv2%2Ftags&post=830"}],"curies":[{"name":"wp","href":"https:\/\/api.w.org\/{rel}","templated":true}]}}