{"id":826,"date":"2022-05-10T22:25:28","date_gmt":"2022-05-10T22:25:28","guid":{"rendered":"https:\/\/minutaregional.cl\/?p=826"},"modified":"2022-05-10T22:25:28","modified_gmt":"2022-05-10T22:25:28","slug":"diputado-manouchehri-sobre-leyadriana-es-un-avance-que-se-castigue-la-violencia-en-el-parto","status":"publish","type":"post","link":"https:\/\/minutaregional.cl\/?p=826","title":{"rendered":"Diputado Manouchehri Sobre #LeyAdriana: \u201cEs un Avance Que Se Castigue la Violencia en el Parto\u201d"},"content":{"rendered":"<audio class=\"wp-audio-shortcode\" id=\"audio-826-1\" preload=\"none\" style=\"width: 100%;\" controls=\"controls\"><source type=\"audio\/mpeg\" src=\"https:\/\/minutaregional.cl\/wp-content\/uploads\/2022\/05\/CUNA-D-Manouchehri-INTERVENCION-LEY-ADRIANA10mayo22.mp3?_=1\" \/><a href=\"https:\/\/minutaregional.cl\/wp-content\/uploads\/2022\/05\/CUNA-D-Manouchehri-INTERVENCION-LEY-ADRIANA10mayo22.mp3\">https:\/\/minutaregional.cl\/wp-content\/uploads\/2022\/05\/CUNA-D-Manouchehri-INTERVENCION-LEY-ADRIANA10mayo22.mp3<\/a><\/audio>\n<p>AUDIO : Diputado Socialista Daniel Manouchehri #LeyAdriana<\/p>\n<p style=\"text-align: justify;\">La C\u00e1mara de Diputadas y Diputados aprob\u00f3 la #LeyAdriana, que sanciona la violencia gineco-obst\u00e9trica. El proyecto, que establece derechos en el \u00e1mbito de la gestaci\u00f3n, preparto, parto, postparto, aborto, salud ginecol\u00f3gica y sexual, continuar\u00e1 su tr\u00e1mite legislativo en el Senado.<\/p>\n<p style=\"text-align: justify;\">El diputado socialista Daniel Manouchehri apoy\u00f3 el proyecto, manifestando que \u201cavanza en dignidad y respeto a las mujeres. Si queremos construir una sociedad mejor, eso parte desde el minuto cero de la vida. Son miles y miles de mujeres las que han sufrido violencia obst\u00e9trica. Abandono, burlas, abusos, insultos, amenazas, malos ratos, coacci\u00f3n, exclusi\u00f3n, desinformaci\u00f3n, violencia f\u00edsica y psicol\u00f3gica. Es la realidad que han vivido las mujeres de nuestro pa\u00eds\u201d.<\/p>\n<p style=\"text-align: justify;\">Respecto a las intervenciones de parlamentarios de oposici\u00f3n que expresaron su rechazo a la #LeyAdriana, el diputado Manouchehri respondi\u00f3 que \u201clo que estamos hablando no es un debate ideol\u00f3gico, como acusan los sobre ideologizados. Hablamos de salud p\u00fablica, en quiz\u00e1s el momento m\u00e1s importante de nuestras vidas, que es el nacimiento\u201d<\/p>\n<p><iframe loading=\"lazy\" title=\"Diputado Daniel Manouchehri Intervenci\u00f3n  #LEYADRIANA\" width=\"800\" height=\"450\" src=\"https:\/\/www.youtube.com\/embed\/Kd-pVvetpr4?feature=oembed\" frameborder=\"0\" allow=\"accelerometer; autoplay; clipboard-write; encrypted-media; gyroscope; picture-in-picture\" allowfullscreen><\/iframe><\/p>\n<p style=\"text-align: justify;\">\n","protected":false},"excerpt":{"rendered":"<p>AUDIO : Diputado Socialista Daniel Manouchehri #LeyAdriana La C\u00e1mara de Diputadas y Diputados aprob\u00f3 la #LeyAdriana, que sanciona la violencia gineco-obst\u00e9trica. El proyecto, que establece derechos en el \u00e1mbito de la gestaci\u00f3n, preparto, parto, postparto, aborto, salud ginecol\u00f3gica y sexual, continuar\u00e1 su tr\u00e1mite legislativo en el Senado. El diputado socialista<\/p>\n","protected":false},"author":1,"featured_media":827,"comment_status":"closed","ping_status":"open","sticky":false,"template":"","format":"standard","meta":{"footnotes":""},"categories":[26],"tags":[],"class_list":["post-826","post","type-post","status-publish","format-standard","has-post-thumbnail","hentry","category-camara-de-diputadas-y-diputados"],"_links":{"self":[{"href":"https:\/\/minutaregional.cl\/index.php?rest_route=\/wp\/v2\/posts\/826","targetHints":{"allow":["GET"]}}],"collection":[{"href":"https:\/\/minutaregional.cl\/index.php?rest_route=\/wp\/v2\/posts"}],"about":[{"href":"https:\/\/minutaregional.cl\/index.php?rest_route=\/wp\/v2\/types\/post"}],"author":[{"embeddable":true,"href":"https:\/\/minutaregional.cl\/index.php?rest_route=\/wp\/v2\/users\/1"}],"replies":[{"embeddable":true,"href":"https:\/\/minutaregional.cl\/index.php?rest_route=%2Fwp%2Fv2%2Fcomments&post=826"}],"version-history":[{"count":1,"href":"https:\/\/minutaregional.cl\/index.php?rest_route=\/wp\/v2\/posts\/826\/revisions"}],"predecessor-version":[{"id":829,"href":"https:\/\/minutaregional.cl\/index.php?rest_route=\/wp\/v2\/posts\/826\/revisions\/829"}],"wp:featuredmedia":[{"embeddable":true,"href":"https:\/\/minutaregional.cl\/index.php?rest_route=\/wp\/v2\/media\/827"}],"wp:attachment":[{"href":"https:\/\/minutaregional.cl\/index.php?rest_route=%2Fwp%2Fv2%2Fmedia&parent=826"}],"wp:term":[{"taxonomy":"category","embeddable":true,"href":"https:\/\/minutaregional.cl\/index.php?rest_route=%2Fwp%2Fv2%2Fcategories&post=826"},{"taxonomy":"post_tag","embeddable":true,"href":"https:\/\/minutaregional.cl\/index.php?rest_route=%2Fwp%2Fv2%2Ftags&post=826"}],"curies":[{"name":"wp","href":"https:\/\/api.w.org\/{rel}","templated":true}]}}