{"id":819,"date":"2022-05-10T21:06:26","date_gmt":"2022-05-10T21:06:26","guid":{"rendered":"https:\/\/minutaregional.cl\/?p=819"},"modified":"2022-05-10T21:07:08","modified_gmt":"2022-05-10T21:07:08","slug":"alumnos-de-cft-de-ovalle-conocen-proceso-de-tratamiento-de-aguas-servidas-de-aguas-del-valle","status":"publish","type":"post","link":"https:\/\/minutaregional.cl\/?p=819","title":{"rendered":"Alumnos de CFT de Ovalle Conocen Proceso de Tratamiento de Aguas Servidas de Aguas del Valle"},"content":{"rendered":"<audio class=\"wp-audio-shortcode\" id=\"audio-819-1\" preload=\"none\" style=\"width: 100%;\" controls=\"controls\"><source type=\"audio\/mpeg\" src=\"https:\/\/minutaregional.cl\/wp-content\/uploads\/2022\/05\/Alejandro-Salazar-Subgerente-Zonal-Limari-Choapa-de-Aguas-del-Valle-Visita-CFT-a-La-Chimba.mp3?_=1\" \/><a href=\"https:\/\/minutaregional.cl\/wp-content\/uploads\/2022\/05\/Alejandro-Salazar-Subgerente-Zonal-Limari-Choapa-de-Aguas-del-Valle-Visita-CFT-a-La-Chimba.mp3\">https:\/\/minutaregional.cl\/wp-content\/uploads\/2022\/05\/Alejandro-Salazar-Subgerente-Zonal-Limari-Choapa-de-Aguas-del-Valle-Visita-CFT-a-La-Chimba.mp3<\/a><\/audio>\n<p>AUDIO : Alejandro Salazar &#8211; Subgerente Zonal Limar\u00ed &#8211; Choapa de Aguas del Valle &#8211; Visita CFT a La Chimba<\/p>\n<ul>\n<li style=\"text-align: justify;\">Guiados por los encargados del recinto, los estudiantes pudieron conocer las etapas del tratamiento del recurso hasta su reincorporaci\u00f3n a la fuente original.<\/li>\n<\/ul>\n<p style=\"text-align: justify;\"><strong>Ovalle, Mayo 2022.<\/strong>\u00a0Como parte de su formaci\u00f3n acad\u00e9mica, doce alumnos de la carrera de Gesti\u00f3n de Recursos H\u00eddricos del CFT Regi\u00f3n de Coquimbo sede Ovalle, visitaron la planta de tratamiento de Aguas del Valle de La Chimba, para conocer el sistema de lagunas aireadas que reciben las aguas servidas de la zona urbana de la comuna.<\/p>\n<p style=\"text-align: justify;\">\u201cSiempre hemos tenido una pol\u00edtica de puertas abiertas con todos nuestros recintos y recibimos de forma regular a estudiantes de ense\u00f1anza b\u00e1sica, media o educaci\u00f3n superior, como tambi\u00e9n a autoridades que est\u00e9n interesadas en conocer alguno de nuestros procesos. Tenemos una valoraci\u00f3n muy positiva de estas visitas, porque nos ayudan a mostrar nuestra labor, al mismo tiempo que aportamos en la formaci\u00f3n de nuevos profesionales relacionados con el \u00e1rea sanitaria\u201d, dijo el subgerente zonal de Aguas del Valle, Alejandro Salazar.<\/p>\n<p style=\"text-align: justify;\">Al respecto, Araceli Contreras, quien particip\u00f3 de la visita, coment\u00f3 que \u201cfue muy interesante, porque como habitantes de la comuna desconoc\u00edamos la planta y esto nos permite tener otra visi\u00f3n del proceso de tratamiento que tiene el agua\u201d. De igual forma, la alumna Carol Mundaca, dijo que \u201ceste recorrido a la planta nos permite interiorizarnos m\u00e1s en el proceso de tratamiento de aguas servidas\u201d.<\/p>\n<p style=\"text-align: justify;\">Finalmente, Francisco Cerva, docente del CFT de Ovalle detall\u00f3 que \u201cen las clases se les explica a los alumnos los sistemas de tratamiento de aguas residuales que existen como las lagunas, plantas aireadas, lodos activados, entre otras. En ese contexto solicitamos esta visita para que ellos conozcan en terreno los procesos que vemos en el aula\u201d.<\/p>\n","protected":false},"excerpt":{"rendered":"<p>AUDIO : Alejandro Salazar &#8211; Subgerente Zonal Limar\u00ed &#8211; Choapa de Aguas del Valle &#8211; Visita CFT a La Chimba Guiados por los encargados del recinto, los estudiantes pudieron conocer las etapas del tratamiento del recurso hasta su reincorporaci\u00f3n a la fuente original. Ovalle, Mayo 2022.\u00a0Como parte de su formaci\u00f3n<\/p>\n","protected":false},"author":1,"featured_media":822,"comment_status":"closed","ping_status":"open","sticky":false,"template":"","format":"standard","meta":{"footnotes":""},"categories":[45],"tags":[],"class_list":["post-819","post","type-post","status-publish","format-standard","has-post-thumbnail","hentry","category-aguas-del-valle"],"_links":{"self":[{"href":"https:\/\/minutaregional.cl\/index.php?rest_route=\/wp\/v2\/posts\/819","targetHints":{"allow":["GET"]}}],"collection":[{"href":"https:\/\/minutaregional.cl\/index.php?rest_route=\/wp\/v2\/posts"}],"about":[{"href":"https:\/\/minutaregional.cl\/index.php?rest_route=\/wp\/v2\/types\/post"}],"author":[{"embeddable":true,"href":"https:\/\/minutaregional.cl\/index.php?rest_route=\/wp\/v2\/users\/1"}],"replies":[{"embeddable":true,"href":"https:\/\/minutaregional.cl\/index.php?rest_route=%2Fwp%2Fv2%2Fcomments&post=819"}],"version-history":[{"count":1,"href":"https:\/\/minutaregional.cl\/index.php?rest_route=\/wp\/v2\/posts\/819\/revisions"}],"predecessor-version":[{"id":821,"href":"https:\/\/minutaregional.cl\/index.php?rest_route=\/wp\/v2\/posts\/819\/revisions\/821"}],"wp:featuredmedia":[{"embeddable":true,"href":"https:\/\/minutaregional.cl\/index.php?rest_route=\/wp\/v2\/media\/822"}],"wp:attachment":[{"href":"https:\/\/minutaregional.cl\/index.php?rest_route=%2Fwp%2Fv2%2Fmedia&parent=819"}],"wp:term":[{"taxonomy":"category","embeddable":true,"href":"https:\/\/minutaregional.cl\/index.php?rest_route=%2Fwp%2Fv2%2Fcategories&post=819"},{"taxonomy":"post_tag","embeddable":true,"href":"https:\/\/minutaregional.cl\/index.php?rest_route=%2Fwp%2Fv2%2Ftags&post=819"}],"curies":[{"name":"wp","href":"https:\/\/api.w.org\/{rel}","templated":true}]}}