{"id":814,"date":"2022-05-10T20:39:56","date_gmt":"2022-05-10T20:39:56","guid":{"rendered":"https:\/\/minutaregional.cl\/?p=814"},"modified":"2022-05-10T20:39:56","modified_gmt":"2022-05-10T20:39:56","slug":"pdi-incauta-10-mil-millones-en-cannabis-a-organizacion-criminal-productora-de-droga-en-limari","status":"publish","type":"post","link":"https:\/\/minutaregional.cl\/?p=814","title":{"rendered":"PDI INCAUTA $10 MIL MILLONES EN CANNABIS A ORGANIZACI\u00d3N CRIMINAL PRODUCTORA DE DROGA EN LIMAR\u00cd"},"content":{"rendered":"<ul>\n<li style=\"text-align: justify;\">Detectives de la Brigada Antinarc\u00f3ticos y Contra el Crimen Organizado La Serena desarrollaron la Operaci\u00f3n \u201cAmanecer\u201d, con la fiscal\u00eda de Ovalle, una investigaci\u00f3n hist\u00f3rica para la regi\u00f3n de Coquimbo<\/li>\n<\/ul>\n<p style=\"text-align: justify;\">Cerca de un a\u00f1o de investigaci\u00f3n concluy\u00f3 en la Operaci\u00f3n Amanecer, un procedimiento hist\u00f3rico por la magnitud de una multimillonaria incautaci\u00f3n de cannabis y por desarticular una organizaci\u00f3n criminal que operaba en la precordillera del Valle de Limar\u00ed, para la producci\u00f3n de esta droga de alta calidad.<\/p>\n<p style=\"text-align: justify;\"><strong><em>\u201cIncautamos 2.046 kilos de sumidades floridas, y as\u00ed sacamos m\u00e1s de 2 millones de dosis del mercado ilegal. Los detectives de esta unidad especializada pudieron establecer el funcionamiento de una organizaci\u00f3n criminal, con funciones definidas para la siembra, cosecha, protecci\u00f3n, comercializaci\u00f3n y distribuci\u00f3n de cannabis. Es una investigaci\u00f3n hist\u00f3rica para la regi\u00f3n de Coquimbo, que deja a esta organizaci\u00f3n criminal sin ganancias, t\u00e9cnicamente avaluadas en 10 mil millones de pesos\u201d,<\/em><\/strong> se\u00f1al\u00f3 el comisario Miguel Cabezas, jefe de la Brigada Antinarc\u00f3ticos y Contra el Crimen Organizado La Serena.<\/p>\n<p style=\"text-align: justify;\">M\u00e1s de 2 toneladas de cannabis a granel y en proceso de secado, incaut\u00f3 la PDI tras la orden judicial para la entrada y registro en 8 domicilios, ubicados en las comunas de Ovalle, R\u00edo Hurtado y Punitaqui, principalmente en sectores rurales como el Maitenes de Cer\u00f3n y Chacay. 11 detenidos mayores de edad dej\u00f3 la Operaci\u00f3n Amanecer, entre ellos una mujer y un ciudadano boliviano en situaci\u00f3n irregular en Chile.<\/p>\n<p style=\"text-align: justify;\"><strong><em>\u201cSon productores emergentes, es un negocio lucrativo y en corto plazo pueden lograr grandes beneficios. Tras este exitoso operativo, que desarrollamos en conjunto con la PDI, los 4 l\u00edderes de esta organizaci\u00f3n criminal quedaron en prisi\u00f3n preventiva y el resto de los integrantes con arresto domiciliario toral. En la l\u00ednea de la droga, primero es buscar la plantaci\u00f3n para luego establecer los que adquieren y los que proveen todo lo necesario para esto<\/em><\/strong>\u201d, indic\u00f3 el Fiscal Regional, Adri\u00e1n Vega.<\/p>\n<p style=\"text-align: justify;\">Respecto al fen\u00f3meno delictual, el fiscal de Ovalle Carlos Jim\u00e9nez, se\u00f1al\u00f3 que esta actividad ilegal resulta atractiva para algunos durante todo el a\u00f1o, <strong><em>\u201cporque actualmente de una planta pueden sacar dos a tres podas, con la utilizaci\u00f3n de precursores, qu\u00edmicos o abonos, por eso es muy relevante esta incautaci\u00f3n\u201d<\/em><\/strong>.<\/p>\n<p style=\"text-align: justify;\">Armas, explosivos, municiones de diverso calibre, 11 millones de pesos en efectivo, 2 veh\u00edculos, relojes de alto valor comercial, son parte de las especies incautadas, evidencias que fueron exhibidas en la Prefectura Provincial Elqui de la PDI, al Delegado Presidencial Regional y de la Provincia de Limar\u00ed.<\/p>\n<p style=\"text-align: justify;\"><strong><em>\u201cTenemos el desaf\u00edo de romper la tendencia al alza que se ha visto en los \u00faltimos a\u00f1os, con una mayor cobertura territorial que ya traspas\u00f3 la provincia de Choapa. Desde el Gobierno hemos planteado que esta va a ser la forma para trabajar, potenciar las acciones que otorguen mayores facultades y herramientas para facilitar la acci\u00f3n de las polic\u00edas y desbaratar estas organizaciones criminales. No podemos permitir que el tr\u00e1fico siga ganando terreno, evitar que se rearticulen y terminar con esto de ra\u00edz, entregando todos los medios de prueba a los tribunales, para sancionar y condenarlos como corresponde\u201d, <\/em><\/strong>expres\u00f3 el Delegado Presidencial de la Regi\u00f3n de Coquimbo, Rub\u00e9n Quezada.<\/p>\n<p style=\"text-align: justify;\">Los 11 imputados, integrantes de esta organizaci\u00f3n criminal, fueron formalizados por el delito de tr\u00e1fico de drogas, infracci\u00f3n a la Ley de Armas y el Juzgado de Garant\u00eda de Ovalle defini\u00f3 120 d\u00edas para la investigaci\u00f3n.<\/p>\n","protected":false},"excerpt":{"rendered":"<p>Detectives de la Brigada Antinarc\u00f3ticos y Contra el Crimen Organizado La Serena desarrollaron la Operaci\u00f3n \u201cAmanecer\u201d, con la fiscal\u00eda de Ovalle, una investigaci\u00f3n hist\u00f3rica para la regi\u00f3n de Coquimbo Cerca de un a\u00f1o de investigaci\u00f3n concluy\u00f3 en la Operaci\u00f3n Amanecer, un procedimiento hist\u00f3rico por la magnitud de una multimillonaria incautaci\u00f3n<\/p>\n","protected":false},"author":1,"featured_media":815,"comment_status":"closed","ping_status":"open","sticky":false,"template":"","format":"standard","meta":{"footnotes":""},"categories":[36,14],"tags":[],"class_list":["post-814","post","type-post","status-publish","format-standard","has-post-thumbnail","hentry","category-dppcoquimbo","category-pdi"],"_links":{"self":[{"href":"https:\/\/minutaregional.cl\/index.php?rest_route=\/wp\/v2\/posts\/814","targetHints":{"allow":["GET"]}}],"collection":[{"href":"https:\/\/minutaregional.cl\/index.php?rest_route=\/wp\/v2\/posts"}],"about":[{"href":"https:\/\/minutaregional.cl\/index.php?rest_route=\/wp\/v2\/types\/post"}],"author":[{"embeddable":true,"href":"https:\/\/minutaregional.cl\/index.php?rest_route=\/wp\/v2\/users\/1"}],"replies":[{"embeddable":true,"href":"https:\/\/minutaregional.cl\/index.php?rest_route=%2Fwp%2Fv2%2Fcomments&post=814"}],"version-history":[{"count":1,"href":"https:\/\/minutaregional.cl\/index.php?rest_route=\/wp\/v2\/posts\/814\/revisions"}],"predecessor-version":[{"id":816,"href":"https:\/\/minutaregional.cl\/index.php?rest_route=\/wp\/v2\/posts\/814\/revisions\/816"}],"wp:featuredmedia":[{"embeddable":true,"href":"https:\/\/minutaregional.cl\/index.php?rest_route=\/wp\/v2\/media\/815"}],"wp:attachment":[{"href":"https:\/\/minutaregional.cl\/index.php?rest_route=%2Fwp%2Fv2%2Fmedia&parent=814"}],"wp:term":[{"taxonomy":"category","embeddable":true,"href":"https:\/\/minutaregional.cl\/index.php?rest_route=%2Fwp%2Fv2%2Fcategories&post=814"},{"taxonomy":"post_tag","embeddable":true,"href":"https:\/\/minutaregional.cl\/index.php?rest_route=%2Fwp%2Fv2%2Ftags&post=814"}],"curies":[{"name":"wp","href":"https:\/\/api.w.org\/{rel}","templated":true}]}}