{"id":809,"date":"2022-05-07T07:45:23","date_gmt":"2022-05-07T07:45:23","guid":{"rendered":"https:\/\/minutaregional.cl\/?p=809"},"modified":"2022-05-07T07:46:13","modified_gmt":"2022-05-07T07:46:13","slug":"anuncian-proyecto-de-ley-para-proteccion-a-periodistas-y-personas-que-trabajan-en-comunicaciones","status":"publish","type":"post","link":"https:\/\/minutaregional.cl\/?p=809","title":{"rendered":"Anuncian Proyecto de Ley Para Protecci\u00f3n a Periodistas y Personas que Trabajan en Comunicaciones"},"content":{"rendered":"<ul>\n<li style=\"text-align: justify;\"><strong><em>La Diputada Nathalie Castillo anunci\u00f3 en conferencia Global de UNESCO la iniciativa que promueve la seguridad de periodistas y personas trabajadoras de las comunicaciones\u00a0<\/em><\/strong><\/li>\n<\/ul>\n<p style=\"text-align: justify;\">En el marco de la Conferencia Global de UNESCO por el D\u00eda Mundial de la Libertad de Prensa realizado en Uruguay se present\u00f3 la ley modelo de protecci\u00f3n a la prensa y personas trabajadoras de las comunicaciones, iniciativa que busca consagrar el deber del Estado con este sector garantizando derechos como la libertad de prensa, la libertad de expresi\u00f3n, acceso a la informaci\u00f3n y la gobernanza democr\u00e1tica.<\/p>\n<p style=\"text-align: justify;\">Durante la convenci\u00f3n la diputada Nathalie Castillo, periodista y ex presidenta del Colegio de Periodistas de Chile present\u00f3 la adecuaci\u00f3n a la ley modelo de UNESCO que se convertir\u00e1 en proyecto de ley para proteger a la prensa chilena. La parlamentaria anunci\u00f3 que ingresar\u00e1 al Congreso en las pr\u00f3ximas semanas y que espera un apoyo transversal en la tramitaci\u00f3n.<\/p>\n<p style=\"text-align: justify;\">Castillo se\u00f1al\u00f3 que a partir de la protesta social en Chile aumentaron el n\u00famero de ataques hacia la prensa y que de acuerdo a datos del\u00a0 Observatorio del Derecho a la Comunicaci\u00f3n (ODC) se registraron m\u00e1s de trescientos ataques, principalmente cometidos por agentes del Estado. \u201cDe ellos, s\u00f3lo sesenta est\u00e1n judicializados y apenas dos llegaron a la etapa de formalizaci\u00f3n. Sin embargo, a estos hechos hay que sumar otras vulneraciones a la libertad de prensa igual de graves como el espionaje a periodistas, las presiones indebidas de parte del ejecutivo hacia medios de comunicaci\u00f3n y el amedrentamiento contra periodistas de investigaci\u00f3n, entre otros casos\u201d, manifest\u00f3.<\/p>\n<p style=\"text-align: justify;\">\u201cNos parece urgente articularnos con diversos representantes y organizaciones para poner freno a los intentos por vulnerar un derecho fundamental como lo es la libertad de expresi\u00f3n y el ejercicio libre de las comunicaciones, en tanto rol fundamental para el desarrollo de las comunidades y de su democracia. Bajo este contexto, resulta urgente consagrar el deber del Estado de Chile de promover la seguridad de periodistas y personas trabajadoras de las comunicaciones, con especial atenci\u00f3n a las garant\u00edas reforzadas que surgen desde su posici\u00f3n de personas defensoras de derechos humanos, cuyas labores est\u00e1n estrechamente relacionadas con la libertad de prensa, el ejercicio del derecho a la libertad de expresi\u00f3n, acceso a la informaci\u00f3n y la gobernanza democr\u00e1tica\u201d, agreg\u00f3 la parlamentaria.<\/p>\n<p style=\"text-align: justify;\">La diputada adem\u00e1s anunci\u00f3 que la moci\u00f3n establece una nueva definici\u00f3n de personas trabajadoras de las comunicaciones que busca proteger a personas que no siendo periodistas colaboran en la labor tales como camar\u00f3grafos, fot\u00f3grafos, apoyo t\u00e9cnico entre otras. La iniciativa tambi\u00e9n establece protecci\u00f3n especial en caso de conflictividad social y el deber del estado a adoptar un discurso p\u00fablico que contribuya a prevenir la violencia y obliga a respetar el derecho de periodistas y personas trabajadoras de las comunicaciones a la reserva de sus fuentes de informaci\u00f3n, apuntes y archivos personales y profesionales. Adem\u00e1s, crea una especial protecci\u00f3n de periodistas y personas trabajadoras de las comunicaciones mujeres y\u00a0 disidencias sexuales.<\/p>\n<p style=\"text-align: justify;\">La Ley Modelo de Protecci\u00f3n a Periodistas y Personas Trabajadoras de la Prensa, fue elaborada como una propuesta al sistema interamericano en 2021 en el marco de debates impulsados por la Escuela Latinoamericana de Periodismo por los periodistas Mauricio Weibel y Ricardo Rivas, junto a relatores de libertad de expresi\u00f3n de la OEA, representantes de la UNESCO y periodistas que han debido enfrentar situaciones de menoscabo y amenaza en Am\u00e9rica Latina.<\/p>\n<p style=\"text-align: justify;\">El periodista Mauricio Weibel, presente en la Conferencia Global, destac\u00f3 que esta ley modelo es una propuesta que nace de UNESCO para entregar un marco com\u00fan para que los distintos pa\u00edses lo traduzcan en normas nacionales, esto a partir de las agresiones a prensa que han aumentado en diversas partes del mundo. Weibel se\u00f1al\u00f3 que a prop\u00f3sito de las\u00a0 diversas investigaciones en materia de corrupci\u00f3n y derechos humanos relacionadas a su trabajo, debi\u00f3 enfrentar espionaje de parte del Ej\u00e9rcito y vulneraciones hacia \u00e9l y su familia.<\/p>\n<p style=\"text-align: justify;\">Danilo Ahumada presidente del Colegio de Periodistas de Chile, quien trabaj\u00f3 desde el inicio\u00a0 esta iniciativa destac\u00f3 el anuncio. \u201cValoramos este proyecto de ley que ha sido construido de forma colaborativa con organizaciones de comunicadores del pa\u00eds y que cuenta con los m\u00e1s altos est\u00e1ndares de derechos humanos de acuerdo a los \u00faltimos informes de la relator\u00eda de libertad de expresi\u00f3n de la CIDH\u201d, dijo.<\/p>\n<p style=\"text-align: justify;\">Por su parte, en el di\u00e1logo establecido en la conferencia global en UNESCO para presentar la ley modelo particip\u00f3 Angela Erpel, Coordinadora del Programa Democracia y Derechos Humanos de la fundaci\u00f3n Heinrich Boll quien destac\u00f3 que desde la fundaci\u00f3n han apoyado proyectos de periodismo de investigaci\u00f3n que han denunciado la corrupci\u00f3n enfrentando acoso y asedio; as\u00ed como proyectos sobre derecho a la comunicaci\u00f3n y comunicaci\u00f3n no sexista junto al Colegio de Periodistas y otras organizaciones\u00a0 \u201cEl instrumento de la ley modelo resulta urgente en tanto protecci\u00f3n de los derechos humanos y para garantizar la democracia y libertad de expresi\u00f3n\u201d, sostuvo.<\/p>\n","protected":false},"excerpt":{"rendered":"<p>La Diputada Nathalie Castillo anunci\u00f3 en conferencia Global de UNESCO la iniciativa que promueve la seguridad de periodistas y personas trabajadoras de las comunicaciones\u00a0 En el marco de la Conferencia Global de UNESCO por el D\u00eda Mundial de la Libertad de Prensa realizado en Uruguay se present\u00f3 la ley modelo<\/p>\n","protected":false},"author":1,"featured_media":810,"comment_status":"closed","ping_status":"open","sticky":false,"template":"","format":"standard","meta":{"footnotes":""},"categories":[26],"tags":[],"class_list":["post-809","post","type-post","status-publish","format-standard","has-post-thumbnail","hentry","category-camara-de-diputadas-y-diputados"],"_links":{"self":[{"href":"https:\/\/minutaregional.cl\/index.php?rest_route=\/wp\/v2\/posts\/809","targetHints":{"allow":["GET"]}}],"collection":[{"href":"https:\/\/minutaregional.cl\/index.php?rest_route=\/wp\/v2\/posts"}],"about":[{"href":"https:\/\/minutaregional.cl\/index.php?rest_route=\/wp\/v2\/types\/post"}],"author":[{"embeddable":true,"href":"https:\/\/minutaregional.cl\/index.php?rest_route=\/wp\/v2\/users\/1"}],"replies":[{"embeddable":true,"href":"https:\/\/minutaregional.cl\/index.php?rest_route=%2Fwp%2Fv2%2Fcomments&post=809"}],"version-history":[{"count":2,"href":"https:\/\/minutaregional.cl\/index.php?rest_route=\/wp\/v2\/posts\/809\/revisions"}],"predecessor-version":[{"id":812,"href":"https:\/\/minutaregional.cl\/index.php?rest_route=\/wp\/v2\/posts\/809\/revisions\/812"}],"wp:featuredmedia":[{"embeddable":true,"href":"https:\/\/minutaregional.cl\/index.php?rest_route=\/wp\/v2\/media\/810"}],"wp:attachment":[{"href":"https:\/\/minutaregional.cl\/index.php?rest_route=%2Fwp%2Fv2%2Fmedia&parent=809"}],"wp:term":[{"taxonomy":"category","embeddable":true,"href":"https:\/\/minutaregional.cl\/index.php?rest_route=%2Fwp%2Fv2%2Fcategories&post=809"},{"taxonomy":"post_tag","embeddable":true,"href":"https:\/\/minutaregional.cl\/index.php?rest_route=%2Fwp%2Fv2%2Ftags&post=809"}],"curies":[{"name":"wp","href":"https:\/\/api.w.org\/{rel}","templated":true}]}}