{"id":806,"date":"2022-05-07T07:02:10","date_gmt":"2022-05-07T07:02:10","guid":{"rendered":"https:\/\/minutaregional.cl\/?p=806"},"modified":"2022-05-07T07:03:15","modified_gmt":"2022-05-07T07:03:15","slug":"pdi-y-fiscalia-exhiben-resultados-de-investigacion-por-microtrafico-de-drogas","status":"publish","type":"post","link":"https:\/\/minutaregional.cl\/?p=806","title":{"rendered":"PDI Y FISCAL\u00cdA EXHIBEN RESULTADOS DE INVESTIGACI\u00d3N POR MICROTR\u00c1FICO DE DROGAS"},"content":{"rendered":"<ul>\n<li style=\"text-align: justify;\"><em>M\u00e1s de $200 millones es el aval\u00fao de la droga incautada en la Operaci\u00f3n \u201cMonasterio\u201d, procedimiento del equipo Microtr\u00e1fico Cero que se desarroll\u00f3 en la Compa\u00f1\u00eda Alta debido a las denuncias ciudadanas. <\/em><\/li>\n<\/ul>\n<p style=\"text-align: justify;\">La comunidad estaba cansada de vivir en el peligro y sufrir las consecuencias del tr\u00e1fico de drogas, actividad il\u00edcita que se realizaba en 15 domicilios, principalmente, en inmuebles de la poblaci\u00f3n Los Capellanes, ubicada en La Compa\u00f1\u00eda Alta de La Serena.<\/p>\n<p style=\"text-align: justify;\">As\u00ed lo estableci\u00f3 la investigaci\u00f3n que surge, en agosto del a\u00f1o pasado, tras una serie de denuncias ciudadanas. En conjunto con el Ministerio P\u00fablico, los detectives del equipo Microtr\u00e1fico Cero de la Brigada Antinarc\u00f3ticos y Contra el Crimen Organizado La Serena planificaron la Operaci\u00f3n \u201cMonasterio\u201d, que intervino en los denominados Barrios Prioritarios.<\/p>\n<p style=\"text-align: justify;\"><strong><em>\u201cIncautamos diversas armas de fuego y otras adaptadas para disparar, que usaban para intimidar a la poblaci\u00f3n. Pr\u00e1cticamente, ten\u00edan tomados los pasajes, provocando una serie de problemas de inseguridad. Adem\u00e1s, incautamos un veh\u00edculo, m\u00e1s de $7 millones en efectivo, cannabis, coca\u00edna base, ketamina y clorhidrato de coca\u00edna, en total m\u00e1s de 6 kilos de droga que est\u00e1 avaluada en 200 millones de pesos\u201d,<\/em><\/strong> se\u00f1al\u00f3 el comisario Miguel Cabezas, jefe de la Brigada Antinarc\u00f3ticos y Contra el Crimen Organizado La Serena.<\/p>\n<p style=\"text-align: justify;\">Evidencias que surgen tras la autorizaci\u00f3n judicial de entrada y registro a los domicilios durante la madrugada del viernes 29 de abril, y que cont\u00f3 con los refuerzos de unidades de la Regi\u00f3n Policial de Coquimbo, Atacama y Metropolitana, la Brigada de Reacci\u00f3n T\u00e1ctica adem\u00e1s del apoyo clave de los gu\u00edas caninos.<\/p>\n<p style=\"text-align: justify;\"><strong><em>\u201c16 imputados fueron formalizados por tr\u00e1fico de drogas, microtr\u00e1fico y tambi\u00e9n por infringir la Ley de Armas. 7 imputados quedaron en prisi\u00f3n preventiva y el resto con diversas medidas cautelares. Es un trabajo colaborativo y con estos resultados estamos dando una se\u00f1al a la comunidad por la investigaci\u00f3n responsable que se est\u00e1 haciendo y que permite la recuperaci\u00f3n de los espacios comunes, limpiando las poblaciones de estas personas y actividades il\u00edcitas que afectan el buen vivir\u201d,<\/em><\/strong> indic\u00f3 Carlos Jim\u00e9nez, Fiscal Regional (s).<\/p>\n<p style=\"text-align: justify;\">Los medios de prueba fueron exhibidos en la Prefectura Provincial Elqui de La Serena, donde las autoridades destacaron la importancia de la investigaci\u00f3n y el valor de realizar una denuncia oportuna, para recuperar los espacios p\u00fablicos y la tranquilidad que se merecen los vecinos.<\/p>\n<p style=\"text-align: justify;\"><strong><em>\u201cEstamos viendo los resultados de un trabajo serio, sistem\u00e1tico, responsable, coordinado con efectivos de distintos puntos del pa\u00eds, en conjunto con el Ministerio P\u00fablico, que nos ayuda a desarticular el microtr\u00e1fico en los Barrios Prioritarios y destacamos este exitoso procedimiento. La denuncia de vecinos y vecinas ha sido clave porque ellos saben d\u00f3nde se est\u00e1 vendiendo droga y quienes est\u00e1n involucrados, que hoy est\u00e1n en prisi\u00f3n preventiva. As\u00ed nos van a ayudar a desmantelar estas bandas que tanto da\u00f1o nos est\u00e1n haciendo y socavan los barrios\u201d,<\/em><\/strong> expres\u00f3 Rub\u00e9n Quezada, Delegado Presidencial de la Regi\u00f3n de Coquimbo.<\/p>\n<p style=\"text-align: justify;\"><strong><em>\u201cInvito a la comunidad para que siga realizando las denuncias. La PDI se ha acercado a estos barrios y en las reuniones los vecinos pueden entregar informaci\u00f3n en forma an\u00f3nima y confidencial, porque as\u00ed podemos planificar estas intervenciones que son efectivas y devuelven la tranquilidad en nuestras poblaciones\u201d,<\/em><\/strong> se\u00f1al\u00f3 el Prefecto Carlos Albornoz, jefe de la Prefectura Provincial Elqui.<\/p>\n<p style=\"text-align: justify;\">La comunidad tiene a disposici\u00f3n la l\u00ednea 600 400 01 01, es el fono Denuncia Seguro, donde se pueden aportar antecedentes de manera confidencial, mientras que la PDI tiene a disposici\u00f3n un correo electr\u00f3nico espec\u00edfico contra el microtr\u00e1fico, escribiendo al <a href=\"mailto:denunciamtcero@investigaciones.cl\">denunciamtcero@investigaciones.cl<\/a> o llamando al fono emergencia 134.<\/p>\n<p><iframe loading=\"lazy\" title=\"PDI Y FISCAL\u00cdA EXHIBEN RESULTADOS DE INVESTIGACI\u00d3N POR MICROTR\u00c1FICO DE DROGAS\" width=\"800\" height=\"450\" src=\"https:\/\/www.youtube.com\/embed\/-4VuFNC2ENM?feature=oembed\" frameborder=\"0\" allow=\"accelerometer; autoplay; clipboard-write; encrypted-media; gyroscope; picture-in-picture\" allowfullscreen><\/iframe><\/p>\n","protected":false},"excerpt":{"rendered":"<p>M\u00e1s de $200 millones es el aval\u00fao de la droga incautada en la Operaci\u00f3n \u201cMonasterio\u201d, procedimiento del equipo Microtr\u00e1fico Cero que se desarroll\u00f3 en la Compa\u00f1\u00eda Alta debido a las denuncias ciudadanas. La comunidad estaba cansada de vivir en el peligro y sufrir las consecuencias del tr\u00e1fico de drogas, actividad<\/p>\n","protected":false},"author":1,"featured_media":808,"comment_status":"closed","ping_status":"open","sticky":false,"template":"","format":"standard","meta":{"footnotes":""},"categories":[14],"tags":[],"class_list":["post-806","post","type-post","status-publish","format-standard","has-post-thumbnail","hentry","category-pdi"],"_links":{"self":[{"href":"https:\/\/minutaregional.cl\/index.php?rest_route=\/wp\/v2\/posts\/806","targetHints":{"allow":["GET"]}}],"collection":[{"href":"https:\/\/minutaregional.cl\/index.php?rest_route=\/wp\/v2\/posts"}],"about":[{"href":"https:\/\/minutaregional.cl\/index.php?rest_route=\/wp\/v2\/types\/post"}],"author":[{"embeddable":true,"href":"https:\/\/minutaregional.cl\/index.php?rest_route=\/wp\/v2\/users\/1"}],"replies":[{"embeddable":true,"href":"https:\/\/minutaregional.cl\/index.php?rest_route=%2Fwp%2Fv2%2Fcomments&post=806"}],"version-history":[{"count":1,"href":"https:\/\/minutaregional.cl\/index.php?rest_route=\/wp\/v2\/posts\/806\/revisions"}],"predecessor-version":[{"id":807,"href":"https:\/\/minutaregional.cl\/index.php?rest_route=\/wp\/v2\/posts\/806\/revisions\/807"}],"wp:featuredmedia":[{"embeddable":true,"href":"https:\/\/minutaregional.cl\/index.php?rest_route=\/wp\/v2\/media\/808"}],"wp:attachment":[{"href":"https:\/\/minutaregional.cl\/index.php?rest_route=%2Fwp%2Fv2%2Fmedia&parent=806"}],"wp:term":[{"taxonomy":"category","embeddable":true,"href":"https:\/\/minutaregional.cl\/index.php?rest_route=%2Fwp%2Fv2%2Fcategories&post=806"},{"taxonomy":"post_tag","embeddable":true,"href":"https:\/\/minutaregional.cl\/index.php?rest_route=%2Fwp%2Fv2%2Ftags&post=806"}],"curies":[{"name":"wp","href":"https:\/\/api.w.org\/{rel}","templated":true}]}}