{"id":789,"date":"2022-05-07T05:25:24","date_gmt":"2022-05-07T05:25:24","guid":{"rendered":"https:\/\/minutaregional.cl\/?p=789"},"modified":"2022-05-07T05:29:30","modified_gmt":"2022-05-07T05:29:30","slug":"lanzan-limari-emprende-proyecto-de-difusion-para-potenciar-pymes-de-emprendimiento-de-innovacion-en-la-region","status":"publish","type":"post","link":"https:\/\/minutaregional.cl\/?p=789","title":{"rendered":"Lanzan \u201cLimar\u00ed Emprende\u201d, Proyecto de Difusi\u00f3n para Potenciar Pymes de Emprendimiento de Innovaci\u00f3n en la Regi\u00f3n."},"content":{"rendered":"<p class=\"yiv7264656852MsoNormal\" style=\"text-align: justify;\"><span lang=\"ES\">El proyecto beneficia a 24 emprendimientos de las comunas de Monte Patria, Combarbal\u00e1 y Punitaqui.<\/span><\/p>\n<p class=\"yiv7264656852MsoNormal\" style=\"text-align: justify;\"><span lang=\"ES\">Con el fin de potenciar emprendimientos de zonas rezagadas de la regi\u00f3n, nace \u201cLimar\u00ed Emprende\u201d un proyecto que difundir\u00e1 negocios innovadores para ir posicion\u00e1ndolos en el mercado, en una primera instancia, a trav\u00e9s de diferentes plataformas. Se trata de una iniciativa apoyada por el Programa de Apoyo al Emprendimiento e Innovaci\u00f3n Regional (PAEIR) de Corfo que cuenta con el financiamiento del Gobierno Regional a trav\u00e9s del Programa Gesti\u00f3n Territorial de Zonas Rezagadas.<\/span><\/p>\n<p class=\"yiv7264656852MsoNormal\" style=\"text-align: justify;\"><span lang=\"ES\">\u00a0<\/span><span lang=\"ES\">Esto, como es sabido, porque los tiempos modernos demandan que pymes cuenten con presencia en el mundo de internet y multimedia, y tras la pandemia esto resulta ser casi obligatorio. No obstante, muchos emprendimientos de zonas rezagadas, tal como es el caso de las comunas Monte Patria, Combarbal\u00e1 y Punitaqui, no cuentan con las herramientas necesarias para insertarse en el mercado digital y competir a la altura de otros negocios.<\/span><\/p>\n<p class=\"yiv7264656852MsoNormal\" style=\"text-align: justify;\"><span lang=\"ES\">\u00a0<\/span><span lang=\"ES\">En ese sentido son 24 los emprendimientos de innovaci\u00f3n escogidos para la realizaci\u00f3n de c\u00e1psulas audiovisuales pensadas como una herramienta de promoci\u00f3n digital multimedia. Con una duraci\u00f3n de 5 minutos, y con altos est\u00e1ndares t\u00e9cnicos, dotar\u00e1n a estos emprendimientos de una presencia necesaria con la que no cuentan.<\/span><\/p>\n<p class=\"yiv7264656852MsoNormal\" style=\"text-align: justify;\"><span lang=\"ES\">El fin del proyecto es incentivar y dar a conocer a la comunidad metodolog\u00edas de innovaci\u00f3n y emprendimientos existentes en las comunas, as\u00ed como tambi\u00e9n inspirar y motivar a diferentes grupos de la sociedad al levantamiento de ideas en sus respectivos territorios. As\u00ed lo dio a conocer tambi\u00e9n la Gobernadora Regional, Krist Naranjo argumentando que este financiamiento \u201cpermitir\u00e1 que los peque\u00f1os emprendedores y emprendedoras innovadores del territorio del Limar\u00ed, puedan cerrar las brechas de comercio digital de sus negocios, mejorando la visibilidad de sus productos y aumentando las ventas por estos canales, cada d\u00eda m\u00e1s relevantes para el \u00e9xito empresarial\u201d<\/span><\/p>\n<p class=\"yiv7264656852MsoNormal\" style=\"text-align: justify;\"><span lang=\"ES\">A su vez, estas c\u00e1psulas entregar\u00e1n tambi\u00e9n conocimientos mediante tips de profesionales del \u00e1rea del marketing digital. Los primeros emprendimientos en ser emitidos son \u201cChocolater\u00eda solar Agustina\u201d de Combarbal\u00e1, la cual desarrolla sus productos a base de energ\u00eda solar y \u201cLa Golondrina\u201d en Punitaqui, que cultiva frutas y verduras org\u00e1nicas realizada por mujeres. Ambos ya se encuentran disponibles por las plataformas de\u00a0<a href=\"http:\/\/limariemprende.cl\/\" target=\"_blank\" rel=\"nofollow noopener noreferrer\">limariemprende.cl<\/a>, sus redes sociales y canales asociados.<\/span><\/p>\n<div>\n<p class=\"yiv7264656852MsoNormal\"><b>TRAILER:\u00a0<\/b><\/p>\n<p><iframe loading=\"lazy\" title=\"Trailer Limari\u0301 Emprende\" width=\"800\" height=\"450\" src=\"https:\/\/www.youtube.com\/embed\/kuqbKwkF2p0?feature=oembed\" frameborder=\"0\" allow=\"accelerometer; autoplay; clipboard-write; encrypted-media; gyroscope; picture-in-picture\" allowfullscreen><\/iframe><\/p>\n<\/div>\n","protected":false},"excerpt":{"rendered":"<p>El proyecto beneficia a 24 emprendimientos de las comunas de Monte Patria, Combarbal\u00e1 y Punitaqui. Con el fin de potenciar emprendimientos de zonas rezagadas de la regi\u00f3n, nace \u201cLimar\u00ed Emprende\u201d un proyecto que difundir\u00e1 negocios innovadores para ir posicion\u00e1ndolos en el mercado, en una primera instancia, a trav\u00e9s de diferentes<\/p>\n","protected":false},"author":1,"featured_media":790,"comment_status":"closed","ping_status":"open","sticky":false,"template":"","format":"standard","meta":{"footnotes":""},"categories":[6,18],"tags":[],"class_list":["post-789","post","type-post","status-publish","format-standard","has-post-thumbnail","hentry","category-gorecoquimbo","category-zona-rezagada"],"_links":{"self":[{"href":"https:\/\/minutaregional.cl\/index.php?rest_route=\/wp\/v2\/posts\/789","targetHints":{"allow":["GET"]}}],"collection":[{"href":"https:\/\/minutaregional.cl\/index.php?rest_route=\/wp\/v2\/posts"}],"about":[{"href":"https:\/\/minutaregional.cl\/index.php?rest_route=\/wp\/v2\/types\/post"}],"author":[{"embeddable":true,"href":"https:\/\/minutaregional.cl\/index.php?rest_route=\/wp\/v2\/users\/1"}],"replies":[{"embeddable":true,"href":"https:\/\/minutaregional.cl\/index.php?rest_route=%2Fwp%2Fv2%2Fcomments&post=789"}],"version-history":[{"count":3,"href":"https:\/\/minutaregional.cl\/index.php?rest_route=\/wp\/v2\/posts\/789\/revisions"}],"predecessor-version":[{"id":793,"href":"https:\/\/minutaregional.cl\/index.php?rest_route=\/wp\/v2\/posts\/789\/revisions\/793"}],"wp:featuredmedia":[{"embeddable":true,"href":"https:\/\/minutaregional.cl\/index.php?rest_route=\/wp\/v2\/media\/790"}],"wp:attachment":[{"href":"https:\/\/minutaregional.cl\/index.php?rest_route=%2Fwp%2Fv2%2Fmedia&parent=789"}],"wp:term":[{"taxonomy":"category","embeddable":true,"href":"https:\/\/minutaregional.cl\/index.php?rest_route=%2Fwp%2Fv2%2Fcategories&post=789"},{"taxonomy":"post_tag","embeddable":true,"href":"https:\/\/minutaregional.cl\/index.php?rest_route=%2Fwp%2Fv2%2Ftags&post=789"}],"curies":[{"name":"wp","href":"https:\/\/api.w.org\/{rel}","templated":true}]}}