{"id":772,"date":"2022-05-04T23:50:53","date_gmt":"2022-05-04T23:50:53","guid":{"rendered":"https:\/\/minutaregional.cl\/?p=772"},"modified":"2022-05-05T00:10:32","modified_gmt":"2022-05-05T00:10:32","slug":"diputado-manouchehri-sobre-aprobacion-de-ingreso-minimo-va-en-la-linea-correcta","status":"publish","type":"post","link":"https:\/\/minutaregional.cl\/?p=772","title":{"rendered":"Diputado Manouchehri Sobre Aprobaci\u00f3n de Ingreso M\u00ednimo: \u201cVa en la L\u00ednea Correcta\u201d"},"content":{"rendered":"<audio class=\"wp-audio-shortcode\" id=\"audio-772-1\" preload=\"none\" style=\"width: 100%;\" controls=\"controls\"><source type=\"audio\/mpeg\" src=\"https:\/\/minutaregional.cl\/wp-content\/uploads\/2022\/05\/CUNA-D-Manouchehri-INGRESO-MINIMO-04may22.mp3?_=1\" \/><a href=\"https:\/\/minutaregional.cl\/wp-content\/uploads\/2022\/05\/CUNA-D-Manouchehri-INGRESO-MINIMO-04may22.mp3\">https:\/\/minutaregional.cl\/wp-content\/uploads\/2022\/05\/CUNA-D-Manouchehri-INGRESO-MINIMO-04may22.mp3<\/a><\/audio>\n<p>AUDIO: Diputado Daniel Manouchehri Lobos<\/p>\n<p style=\"text-align: justify;\">La C\u00e1mara de Diputadas y Diputados aprob\u00f3 y despach\u00f3 al Senado el proyecto que reajusta el monto del Ingreso M\u00ednimo Mensual. La iniciativa subir\u00e1 el sueldo m\u00ednimo a 380 mil pesos este mes y a 400 mil al 1 de agosto. A su vez, tambi\u00e9n contempla compensar el aumento del valor de la Canasta B\u00e1sica de Alimentos, por medio de la asignaci\u00f3n familiar o subsidio \u00fanico familiar, y el apoyo a las MiPymes entregando un subsidio de $22 mil por trabajador que, antes de mayo de 2022, ganaba el salario m\u00ednimo.<\/p>\n<p style=\"text-align: justify;\">\u201cNosotros creemos que el Gobierno ha hecho lo correcto. Sin duda alguna, el alza del salario m\u00ednimo, en la manera como se ha planteado, va en beneficio de los trabajadores\u201d, se\u00f1al\u00f3 el diputado y presidente de la Comisi\u00f3n de Econom\u00eda, Daniel Manouchehri. En respuesta a la aprobaci\u00f3n del proyecto, agreg\u00f3 que \u201crecordemos que esto es in\u00e9dito, porque por una parte se ha hecho en un acuerdo con la CUT, y por otra tambi\u00e9n en acuerdo con las Pymes. Sin duda va en la l\u00ednea correcta\u201d.<\/p>\n<p style=\"text-align: justify;\">El proyecto contin\u00faa su tr\u00e1mite en el Senado y a la espera de modificaciones al mismo, podr\u00e1 ser despachado al Ejecutivo para su pronta implementaci\u00f3n. Las medidas tendr\u00e1n una aplicaci\u00f3n retroactiva, de modo que apenas est\u00e9 a disposici\u00f3n del Gobierno el alza al Ingreso M\u00ednimo se efectuar\u00e1.<\/p>\n<p><iframe loading=\"lazy\" title=\"Diputado Manouchehri Sobre Aprobaci\u00f3n de Ingreso M\u00ednimo: \u201cVa en la L\u00ednea Correcta\u201d\" width=\"800\" height=\"450\" src=\"https:\/\/www.youtube.com\/embed\/t7KjDwBV9NE?feature=oembed\" frameborder=\"0\" allow=\"accelerometer; autoplay; clipboard-write; encrypted-media; gyroscope; picture-in-picture\" allowfullscreen><\/iframe><\/p>\n","protected":false},"excerpt":{"rendered":"<p>AUDIO: Diputado Daniel Manouchehri Lobos La C\u00e1mara de Diputadas y Diputados aprob\u00f3 y despach\u00f3 al Senado el proyecto que reajusta el monto del Ingreso M\u00ednimo Mensual. La iniciativa subir\u00e1 el sueldo m\u00ednimo a 380 mil pesos este mes y a 400 mil al 1 de agosto. A su vez, tambi\u00e9n<\/p>\n","protected":false},"author":1,"featured_media":773,"comment_status":"closed","ping_status":"open","sticky":false,"template":"","format":"standard","meta":{"footnotes":""},"categories":[26],"tags":[],"class_list":["post-772","post","type-post","status-publish","format-standard","has-post-thumbnail","hentry","category-camara-de-diputadas-y-diputados"],"_links":{"self":[{"href":"https:\/\/minutaregional.cl\/index.php?rest_route=\/wp\/v2\/posts\/772","targetHints":{"allow":["GET"]}}],"collection":[{"href":"https:\/\/minutaregional.cl\/index.php?rest_route=\/wp\/v2\/posts"}],"about":[{"href":"https:\/\/minutaregional.cl\/index.php?rest_route=\/wp\/v2\/types\/post"}],"author":[{"embeddable":true,"href":"https:\/\/minutaregional.cl\/index.php?rest_route=\/wp\/v2\/users\/1"}],"replies":[{"embeddable":true,"href":"https:\/\/minutaregional.cl\/index.php?rest_route=%2Fwp%2Fv2%2Fcomments&post=772"}],"version-history":[{"count":2,"href":"https:\/\/minutaregional.cl\/index.php?rest_route=\/wp\/v2\/posts\/772\/revisions"}],"predecessor-version":[{"id":776,"href":"https:\/\/minutaregional.cl\/index.php?rest_route=\/wp\/v2\/posts\/772\/revisions\/776"}],"wp:featuredmedia":[{"embeddable":true,"href":"https:\/\/minutaregional.cl\/index.php?rest_route=\/wp\/v2\/media\/773"}],"wp:attachment":[{"href":"https:\/\/minutaregional.cl\/index.php?rest_route=%2Fwp%2Fv2%2Fmedia&parent=772"}],"wp:term":[{"taxonomy":"category","embeddable":true,"href":"https:\/\/minutaregional.cl\/index.php?rest_route=%2Fwp%2Fv2%2Fcategories&post=772"},{"taxonomy":"post_tag","embeddable":true,"href":"https:\/\/minutaregional.cl\/index.php?rest_route=%2Fwp%2Fv2%2Ftags&post=772"}],"curies":[{"name":"wp","href":"https:\/\/api.w.org\/{rel}","templated":true}]}}