{"id":761,"date":"2022-04-30T04:07:06","date_gmt":"2022-04-30T04:07:06","guid":{"rendered":"https:\/\/minutaregional.cl\/?p=761"},"modified":"2022-04-30T04:07:06","modified_gmt":"2022-04-30T04:07:06","slug":"emprendedor-coquimbano-instaura-lavadoecologico-de-vehiculos-sin-usar-agua","status":"publish","type":"post","link":"https:\/\/minutaregional.cl\/?p=761","title":{"rendered":"Emprendedor Coquimbano Instaura Lavadoecol\u00f3gico de Veh\u00edculos sin Usar Agua"},"content":{"rendered":"<p style=\"text-align: justify;\">La microempresa L\u00e1vame Ya recibi\u00f3 charlas y asesor\u00edas completamente gratuitas por parte del Centro de Negocios Sercotec Coquimbo y afirm\u00f3 que son aproximadamente 400 litros de agua los que se ahorran al lavar veh\u00edculos de una forma novedosa y sustentable.<\/p>\n<p style=\"text-align: justify;\"><strong>Coquimbo. \u2013<\/strong> La Regi\u00f3n de Coquimbo pasa por una sequ\u00eda sin precedentes. Es por ello que Patricio Foix, gerente de L\u00e1vame Ya, busc\u00f3 una alternativa ecol\u00f3gica y sustentable para lavar veh\u00edculos a domicilio sin utilizar una sola gota de agua.<\/p>\n<p style=\"text-align: justify;\">Comenzaron con su emprendimiento en 2019 y a la fecha ya suman m\u00e1s de 2.700 servicios de lavado de veh\u00edculos, realizado con productos nacionales y amigables con el medio ambiente, para as\u00ed colaborar con el cuidado del planeta.<\/p>\n<p style=\"text-align: justify;\">Al respecto, \u00d3scar Bernal, director (S) de Sercotec, destac\u00f3 que <strong>\u201cuno de nuestros principales lineamientos como instituci\u00f3n es contribuir al desarrollo sustentable, por lo que este emprendimiento se ajusta perfectamente a este requerimiento. Queremos que m\u00e1s personas se sumen a esta cruzada ambiental, para que podamos preservar el planeta para las futuras generaciones, con emprendimientos rentables y sostenibles en el tiempo\u201d<\/strong>.<\/p>\n<p style=\"text-align: justify;\">Este emprendimiento fue apoyado por los Centros de Negocios de Coquimbo y La Serena con capacitaciones y charlas completamente gratuitas que les ayudaron a posicionarse como una alternativa ecol\u00f3gica y rentable.<\/p>\n<p style=\"text-align: justify;\">En esta l\u00ednea, Patricio Foix, gerente de L\u00e1vame Ya, afirm\u00f3 que <strong>\u201chemos ahorrado m\u00e1s de un mill\u00f3n de litros de agua, desde nuestros inicios en 2019. Queremos que m\u00e1s personas puedan desarrollar emprendimientos amigables con el planeta, ya que la sequ\u00eda por la que atraviesa la regi\u00f3n es bastante grave y debemos hacer algo al respecto\u201d<\/strong>.<\/p>\n<p style=\"text-align: justify;\">Entre los servicios que se ofrecen en L\u00e1vame Ya se cuentan el lavado interior completo, aspirado, limpieza de motor, focos y m\u00e1s. Estos se realizan completamente a domicilio, por lo que lo torna una alternativa ideal para quienes trabajan durante el d\u00eda y no pueden movilizarse a un lugar f\u00edsico para dejar sus veh\u00edculos.<\/p>\n<p style=\"text-align: justify;\">Es por ello que Rodrigo Villalobos, coordinador del Centro de Negocios Sercotec Coquimbo, destac\u00f3 que <strong>\u201cbuscamos que m\u00e1s personas se sumen al cuidado del medio ambiente y generen emprendimientos rentables que puedan dar empleo en la regi\u00f3n. Con L\u00e1vame Ya hemos realizado diferentes capacitaciones, como gesti\u00f3n de negocios y marketing digital, para apoyarlos y que sigan creciendo\u201d<\/strong>.<\/p>\n","protected":false},"excerpt":{"rendered":"<p>La microempresa L\u00e1vame Ya recibi\u00f3 charlas y asesor\u00edas completamente gratuitas por parte del Centro de Negocios Sercotec Coquimbo y afirm\u00f3 que son aproximadamente 400 litros de agua los que se ahorran al lavar veh\u00edculos de una forma novedosa y sustentable. Coquimbo. \u2013 La Regi\u00f3n de Coquimbo pasa por una sequ\u00eda<\/p>\n","protected":false},"author":1,"featured_media":762,"comment_status":"closed","ping_status":"open","sticky":false,"template":"","format":"standard","meta":{"footnotes":""},"categories":[39],"tags":[],"class_list":["post-761","post","type-post","status-publish","format-standard","has-post-thumbnail","hentry","category-sercotec"],"_links":{"self":[{"href":"https:\/\/minutaregional.cl\/index.php?rest_route=\/wp\/v2\/posts\/761","targetHints":{"allow":["GET"]}}],"collection":[{"href":"https:\/\/minutaregional.cl\/index.php?rest_route=\/wp\/v2\/posts"}],"about":[{"href":"https:\/\/minutaregional.cl\/index.php?rest_route=\/wp\/v2\/types\/post"}],"author":[{"embeddable":true,"href":"https:\/\/minutaregional.cl\/index.php?rest_route=\/wp\/v2\/users\/1"}],"replies":[{"embeddable":true,"href":"https:\/\/minutaregional.cl\/index.php?rest_route=%2Fwp%2Fv2%2Fcomments&post=761"}],"version-history":[{"count":1,"href":"https:\/\/minutaregional.cl\/index.php?rest_route=\/wp\/v2\/posts\/761\/revisions"}],"predecessor-version":[{"id":763,"href":"https:\/\/minutaregional.cl\/index.php?rest_route=\/wp\/v2\/posts\/761\/revisions\/763"}],"wp:featuredmedia":[{"embeddable":true,"href":"https:\/\/minutaregional.cl\/index.php?rest_route=\/wp\/v2\/media\/762"}],"wp:attachment":[{"href":"https:\/\/minutaregional.cl\/index.php?rest_route=%2Fwp%2Fv2%2Fmedia&parent=761"}],"wp:term":[{"taxonomy":"category","embeddable":true,"href":"https:\/\/minutaregional.cl\/index.php?rest_route=%2Fwp%2Fv2%2Fcategories&post=761"},{"taxonomy":"post_tag","embeddable":true,"href":"https:\/\/minutaregional.cl\/index.php?rest_route=%2Fwp%2Fv2%2Ftags&post=761"}],"curies":[{"name":"wp","href":"https:\/\/api.w.org\/{rel}","templated":true}]}}