{"id":752,"date":"2022-04-28T18:45:50","date_gmt":"2022-04-28T18:45:50","guid":{"rendered":"https:\/\/minutaregional.cl\/?p=752"},"modified":"2022-04-28T18:45:50","modified_gmt":"2022-04-28T18:45:50","slug":"hora-azul-museo-arqueologico-de-la-serena-invita-a-visitar-exposicion-de-pinturas-y-grabados","status":"publish","type":"post","link":"https:\/\/minutaregional.cl\/?p=752","title":{"rendered":"\u201cHora Azul\u201d: Museo Arqueol\u00f3gico de La Serena Invita a Visitar Exposici\u00f3n de Pinturas y Grabados"},"content":{"rendered":"<ul>\n<li class=\"yiv9427591302MsoNormal\" style=\"text-align: justify;\"><b>La artista visual alemana Uta Mar\u00eda Stan presentar\u00e1 16 obras al \u00f3leo y grabados en las t\u00e9cnicas de monotipia y aguatinta.<\/b><\/li>\n<\/ul>\n<p class=\"yiv9427591302MsoNormal\" style=\"text-align: justify;\"><b>\u00a0<\/b>El Museo Arqueol\u00f3gico de La Serena sigue ampliando su oferta de actividades presenciales al p\u00fablico con una nueva exposici\u00f3n temporal. Se trata de \u201cHora Azul\u201d, un trabajo art\u00edstico inspirado en el periodo de tiempo que ocurre entre la puesta del sol y la oscuridad total de la noche.<\/p>\n<p class=\"yiv9427591302MsoNormal\" style=\"text-align: justify;\">Esta muestra est\u00e1 a cargo de la destacada artista visual alemana, Uta Mar\u00eda Stang, quien desde 2006 reside en el sector de Guayac\u00e1n, Coquimbo. \u201cPo\u00e9ticamente considera la hora del so\u00f1ar, un intervalo de relativa libertad, el momento de ser libre del d\u00eda y de la noche. Es una puerta a otra realidad, el pesta\u00f1eo de ver por una ventana que se abre a otro paisaje.\u201d, se\u00f1al\u00f3 la creadora.<\/p>\n<p class=\"yiv9427591302MsoNormal\" style=\"text-align: justify;\">La exposici\u00f3n \u00abHora Azul\u00bb presenta 16 pinturas al \u00f3leo y grabados en las t\u00e9cnicas de monotipia y aguatinta, la cual estar\u00e1 disponible hasta el 26 de mayo en el espacio cultural ubicado en la intersecci\u00f3n de las calles Cienfuegos y Gregorio Cordovez, en el centro La Serena. El horario de atenci\u00f3n del recinto es de martes a viernes, de 10:30 a 17:30 horas, de manera continuada.<\/p>\n<p class=\"yiv9427591302MsoNormal\" style=\"text-align: justify;\">La directora regional del Servicio Nacional del Patrimonio Cultural, Macarena Salinas, destac\u00f3 que \u201cesta es la primera muestra que se inaugura de forma presencial y se enmarca en el mes aniversario del Museo Arqueol\u00f3gico, que el pasado 3 de abril cumpli\u00f3 79 a\u00f1os. Hist\u00f3ricamente el museo ha\u00a0 realizado esfuerzos por generar v\u00ednculos con la comunidad en sus distintas \u00e1reas, fomentando instancias de participaci\u00f3n, especialmente, para gestores culturales locales\u201d.<\/p>\n<p class=\"yiv9427591302MsoNormal\" style=\"text-align: justify;\">Uta Mar\u00eda Stang naci\u00f3 y se form\u00f3 en Leipzig, Alemania. En 1993 se instal\u00f3 en la isla Hiddensee en el Mar B\u00e1ltico y en 2006 se mud\u00f3 al sector de Guayac\u00e1n donde estableci\u00f3 su taller denominado Galer\u00eda 1341.<\/p>\n","protected":false},"excerpt":{"rendered":"<p>La artista visual alemana Uta Mar\u00eda Stan presentar\u00e1 16 obras al \u00f3leo y grabados en las t\u00e9cnicas de monotipia y aguatinta. \u00a0El Museo Arqueol\u00f3gico de La Serena sigue ampliando su oferta de actividades presenciales al p\u00fablico con una nueva exposici\u00f3n temporal. Se trata de \u201cHora Azul\u201d, un trabajo art\u00edstico inspirado<\/p>\n","protected":false},"author":1,"featured_media":753,"comment_status":"closed","ping_status":"open","sticky":false,"template":"","format":"standard","meta":{"footnotes":""},"categories":[16],"tags":[],"class_list":["post-752","post","type-post","status-publish","format-standard","has-post-thumbnail","hentry","category-seremi-de-cultura"],"_links":{"self":[{"href":"https:\/\/minutaregional.cl\/index.php?rest_route=\/wp\/v2\/posts\/752","targetHints":{"allow":["GET"]}}],"collection":[{"href":"https:\/\/minutaregional.cl\/index.php?rest_route=\/wp\/v2\/posts"}],"about":[{"href":"https:\/\/minutaregional.cl\/index.php?rest_route=\/wp\/v2\/types\/post"}],"author":[{"embeddable":true,"href":"https:\/\/minutaregional.cl\/index.php?rest_route=\/wp\/v2\/users\/1"}],"replies":[{"embeddable":true,"href":"https:\/\/minutaregional.cl\/index.php?rest_route=%2Fwp%2Fv2%2Fcomments&post=752"}],"version-history":[{"count":1,"href":"https:\/\/minutaregional.cl\/index.php?rest_route=\/wp\/v2\/posts\/752\/revisions"}],"predecessor-version":[{"id":754,"href":"https:\/\/minutaregional.cl\/index.php?rest_route=\/wp\/v2\/posts\/752\/revisions\/754"}],"wp:featuredmedia":[{"embeddable":true,"href":"https:\/\/minutaregional.cl\/index.php?rest_route=\/wp\/v2\/media\/753"}],"wp:attachment":[{"href":"https:\/\/minutaregional.cl\/index.php?rest_route=%2Fwp%2Fv2%2Fmedia&parent=752"}],"wp:term":[{"taxonomy":"category","embeddable":true,"href":"https:\/\/minutaregional.cl\/index.php?rest_route=%2Fwp%2Fv2%2Fcategories&post=752"},{"taxonomy":"post_tag","embeddable":true,"href":"https:\/\/minutaregional.cl\/index.php?rest_route=%2Fwp%2Fv2%2Ftags&post=752"}],"curies":[{"name":"wp","href":"https:\/\/api.w.org\/{rel}","templated":true}]}}