{"id":745,"date":"2022-04-28T05:25:46","date_gmt":"2022-04-28T05:25:46","guid":{"rendered":"https:\/\/minutaregional.cl\/?p=745"},"modified":"2022-04-28T05:25:46","modified_gmt":"2022-04-28T05:25:46","slug":"detectives-de-coquimbo-detienen-a-profugo-de-la-justicia-para-cumplir-su-condena-en-la-carcel","status":"publish","type":"post","link":"https:\/\/minutaregional.cl\/?p=745","title":{"rendered":"DETECTIVES DE COQUIMBO DETIENEN A PR\u00d3FUGO DE LA JUSTICIA PARA CUMPLIR SU CONDENA EN LA C\u00c1RCEL"},"content":{"rendered":"<audio class=\"wp-audio-shortcode\" id=\"audio-745-1\" preload=\"none\" style=\"width: 100%;\" controls=\"controls\"><source type=\"audio\/mpeg\" src=\"https:\/\/minutaregional.cl\/wp-content\/uploads\/2022\/04\/CUNA-PROLIFICO-COQUIMBO.mp3?_=1\" \/><a href=\"https:\/\/minutaregional.cl\/wp-content\/uploads\/2022\/04\/CUNA-PROLIFICO-COQUIMBO.mp3\">https:\/\/minutaregional.cl\/wp-content\/uploads\/2022\/04\/CUNA-PROLIFICO-COQUIMBO.mp3<\/a><\/audio>\n<p>AUDIO : @PDI_Coquimbo<\/p>\n<ul>\n<li style=\"text-align: justify;\"><em>Procedimiento a cargo de la Brigada de Investigaci\u00f3n Criminal Coquimbo, logr\u00f3 individualizar a un hombre que presentaba \u00f3rdenes de detenci\u00f3n por diversos delitos contra las personas.<\/em><\/li>\n<\/ul>\n<p style=\"text-align: justify;\">Un individuo de 55 a\u00f1os fue condenado por amenazas simples contra las personas, el 1 de junio del a\u00f1o pasado, pero el hombre no se present\u00f3 ante los tribunales para responder por el delito cometido en Coquimbo y se convirti\u00f3 en un pr\u00f3fugo de la justicia.<\/p>\n<p style=\"text-align: justify;\">Dentro de la carpeta de antecedentes y requerimientos judiciales que se encargan a los detectives de la Brigada de Investigaci\u00f3n Criminal Coquimbo, se advierte que este individuo sigui\u00f3 con su comportamiento, cometiendo nuevos delitos en contra de las personas.<\/p>\n<p style=\"text-align: justify;\"><strong>\u201cPersonal de esta unidad realiz\u00f3 un trabajo de an\u00e1lisis criminal e inteligencia policial que dio resultados positivos para la comunidad. Mediante diversas t\u00e9cnicas investigativas logramos ubicar y detener a un delincuente prol\u00edfico, que contaba con 5 \u00f3rdenes de detenci\u00f3n en su contra, y uno de los requerimientos judiciales para cumplir condena en la c\u00e1rcel\u201d,<\/strong> se\u00f1al\u00f3 el Subprefecto Jos\u00e9 Ortega, jefe de la Brigada de Investigaci\u00f3n Criminal Coquimbo.<\/p>\n<p style=\"text-align: justify;\">Adem\u00e1s de las amenazas simples, el individuo era buscado por los detectives debido a otros 4 delitos. Tres causas por lesiones menos graves y otra por des\u00f3rdenes p\u00fablicos, se le imputan en los Tribunales de Justicia de Coquimbo, entre julio del a\u00f1o pasado y el reciente mes de marzo.<\/p>\n","protected":false},"excerpt":{"rendered":"<p>AUDIO : @PDI_Coquimbo Procedimiento a cargo de la Brigada de Investigaci\u00f3n Criminal Coquimbo, logr\u00f3 individualizar a un hombre que presentaba \u00f3rdenes de detenci\u00f3n por diversos delitos contra las personas. Un individuo de 55 a\u00f1os fue condenado por amenazas simples contra las personas, el 1 de junio del a\u00f1o pasado, pero<\/p>\n","protected":false},"author":1,"featured_media":746,"comment_status":"closed","ping_status":"open","sticky":false,"template":"","format":"standard","meta":{"footnotes":""},"categories":[14],"tags":[],"class_list":["post-745","post","type-post","status-publish","format-standard","has-post-thumbnail","hentry","category-pdi"],"_links":{"self":[{"href":"https:\/\/minutaregional.cl\/index.php?rest_route=\/wp\/v2\/posts\/745","targetHints":{"allow":["GET"]}}],"collection":[{"href":"https:\/\/minutaregional.cl\/index.php?rest_route=\/wp\/v2\/posts"}],"about":[{"href":"https:\/\/minutaregional.cl\/index.php?rest_route=\/wp\/v2\/types\/post"}],"author":[{"embeddable":true,"href":"https:\/\/minutaregional.cl\/index.php?rest_route=\/wp\/v2\/users\/1"}],"replies":[{"embeddable":true,"href":"https:\/\/minutaregional.cl\/index.php?rest_route=%2Fwp%2Fv2%2Fcomments&post=745"}],"version-history":[{"count":1,"href":"https:\/\/minutaregional.cl\/index.php?rest_route=\/wp\/v2\/posts\/745\/revisions"}],"predecessor-version":[{"id":748,"href":"https:\/\/minutaregional.cl\/index.php?rest_route=\/wp\/v2\/posts\/745\/revisions\/748"}],"wp:featuredmedia":[{"embeddable":true,"href":"https:\/\/minutaregional.cl\/index.php?rest_route=\/wp\/v2\/media\/746"}],"wp:attachment":[{"href":"https:\/\/minutaregional.cl\/index.php?rest_route=%2Fwp%2Fv2%2Fmedia&parent=745"}],"wp:term":[{"taxonomy":"category","embeddable":true,"href":"https:\/\/minutaregional.cl\/index.php?rest_route=%2Fwp%2Fv2%2Fcategories&post=745"},{"taxonomy":"post_tag","embeddable":true,"href":"https:\/\/minutaregional.cl\/index.php?rest_route=%2Fwp%2Fv2%2Ftags&post=745"}],"curies":[{"name":"wp","href":"https:\/\/api.w.org\/{rel}","templated":true}]}}