{"id":737,"date":"2022-04-28T04:50:46","date_gmt":"2022-04-28T04:50:46","guid":{"rendered":"https:\/\/minutaregional.cl\/?p=737"},"modified":"2022-04-28T04:50:46","modified_gmt":"2022-04-28T04:50:46","slug":"celebran-dia-de-la-convivencia-escolar-en-escuela-manuel-espinosa-lopez-de-ovalle-con-su-sello-afectivo-y-lector","status":"publish","type":"post","link":"https:\/\/minutaregional.cl\/?p=737","title":{"rendered":"Celebran D\u00eda de la Convivencia Escolar en Escuela Manuel Espinosa L\u00f3pez de Ovalle con su Sello Afectivo y Lector"},"content":{"rendered":"<div style=\"text-align: justify;\">El D\u00eda Nacional de la Convivencia Escolar se celebra todos los \u00a026 de abril para que las comunidades educativas puedan reflexionar sobre qu\u00e9 tipo de clima escolar est\u00e1n formando para sus estudiantes, abriendo espacios de di\u00e1logo para que el reencuentro a las clases presenciales sea amigable, enriquecedor y permita una mejor convivencia, que es la tarea permanente de la Pol\u00edtica Nacional de Convivencia Escolar (PNCE) del Ministerio de Educaci\u00f3n.<\/p>\n<p>Uno de los ejemplos de buena convivencia escolar en la Regi\u00f3n de Coquimbo lo tiene la escuela b\u00e1sica Manuel Florencio Espinosa L\u00f3pez de la comuna de Ovalle, con su sello afectivo y lector, comunidad educativa que comparti\u00f3 un di\u00e1logo con la Seremi de Educaci\u00f3n, Cecilia Ram\u00edrez Ch\u00e1vez, en el cual participaron representantes de estudiantes, profesores, asistentes de la educaci\u00f3n, equipo de convivencia escolar, su directora, el Jefe del Departamento de Educaci\u00f3n Municipal y profesionales del municipio.<\/p>\n<p>La alumna Danna Vivar de 6 a\u00f1o b\u00e1sico y candidata a presidenta del centro de alumnos, afirm\u00f3 que \u201cmi escuela es perfecta, tenemos alumnos buenos y algunos malos que es muy normal, al igual que en las otras escuelas y que se puede ayudar a que los alumnos cambien. No hay nada que decir de mis profesores, de hecho tambi\u00e9n se toman el tiempo de darnos sermones, de escuchar y nos ayudan a desahogarnos\u201d.<\/p><\/div>\n<div><\/div>\n","protected":false},"excerpt":{"rendered":"<p>El D\u00eda Nacional de la Convivencia Escolar se celebra todos los \u00a026 de abril para que las comunidades educativas puedan reflexionar sobre qu\u00e9 tipo de clima escolar est\u00e1n formando para sus estudiantes, abriendo espacios de di\u00e1logo para que el reencuentro a las clases presenciales sea amigable, enriquecedor y permita una<\/p>\n","protected":false},"author":1,"featured_media":739,"comment_status":"closed","ping_status":"open","sticky":false,"template":"","format":"standard","meta":{"footnotes":""},"categories":[40],"tags":[],"class_list":["post-737","post","type-post","status-publish","format-standard","has-post-thumbnail","hentry","category-secreduc_iv"],"_links":{"self":[{"href":"https:\/\/minutaregional.cl\/index.php?rest_route=\/wp\/v2\/posts\/737","targetHints":{"allow":["GET"]}}],"collection":[{"href":"https:\/\/minutaregional.cl\/index.php?rest_route=\/wp\/v2\/posts"}],"about":[{"href":"https:\/\/minutaregional.cl\/index.php?rest_route=\/wp\/v2\/types\/post"}],"author":[{"embeddable":true,"href":"https:\/\/minutaregional.cl\/index.php?rest_route=\/wp\/v2\/users\/1"}],"replies":[{"embeddable":true,"href":"https:\/\/minutaregional.cl\/index.php?rest_route=%2Fwp%2Fv2%2Fcomments&post=737"}],"version-history":[{"count":1,"href":"https:\/\/minutaregional.cl\/index.php?rest_route=\/wp\/v2\/posts\/737\/revisions"}],"predecessor-version":[{"id":740,"href":"https:\/\/minutaregional.cl\/index.php?rest_route=\/wp\/v2\/posts\/737\/revisions\/740"}],"wp:featuredmedia":[{"embeddable":true,"href":"https:\/\/minutaregional.cl\/index.php?rest_route=\/wp\/v2\/media\/739"}],"wp:attachment":[{"href":"https:\/\/minutaregional.cl\/index.php?rest_route=%2Fwp%2Fv2%2Fmedia&parent=737"}],"wp:term":[{"taxonomy":"category","embeddable":true,"href":"https:\/\/minutaregional.cl\/index.php?rest_route=%2Fwp%2Fv2%2Fcategories&post=737"},{"taxonomy":"post_tag","embeddable":true,"href":"https:\/\/minutaregional.cl\/index.php?rest_route=%2Fwp%2Fv2%2Ftags&post=737"}],"curies":[{"name":"wp","href":"https:\/\/api.w.org\/{rel}","templated":true}]}}