{"id":727,"date":"2022-04-27T02:11:03","date_gmt":"2022-04-27T02:11:03","guid":{"rendered":"https:\/\/minutaregional.cl\/?p=727"},"modified":"2022-04-27T02:13:51","modified_gmt":"2022-04-27T02:13:51","slug":"diputado-manouchehri-valora-alza-de-salario-minimo-ayudara-al-buen-rumbo-de-chile","status":"publish","type":"post","link":"https:\/\/minutaregional.cl\/?p=727","title":{"rendered":"Diputado Manouchehri Valora Alza de Salario M\u00ednimo: \u201cAyudar\u00e1 al Buen Rumbo de Chile\u201d"},"content":{"rendered":"<audio class=\"wp-audio-shortcode\" id=\"audio-727-1\" preload=\"none\" style=\"width: 100%;\" controls=\"controls\"><source type=\"audio\/mpeg\" src=\"https:\/\/minutaregional.cl\/wp-content\/uploads\/2022\/04\/CUNA-D-Manouchehri-SUELDO-MINIMO-26abr22.mp3?_=1\" \/><a href=\"https:\/\/minutaregional.cl\/wp-content\/uploads\/2022\/04\/CUNA-D-Manouchehri-SUELDO-MINIMO-26abr22.mp3\">https:\/\/minutaregional.cl\/wp-content\/uploads\/2022\/04\/CUNA-D-Manouchehri-SUELDO-MINIMO-26abr22.mp3<\/a><\/audio>\n<p>AUDIO : Diputado Daniel Manouchehri Lobos.<\/p>\n<p style=\"text-align: justify;\"><em>El Gobierno y la Central Unitaria de Trabajadores (CUT) acordaron un reajuste del salario m\u00ednimo mensual hasta 400 mil pesos para mediados de a\u00f1o, medidas de protecci\u00f3n frente a la inflaci\u00f3n y promoci\u00f3n del trabajo decente.<\/em><\/p>\n<p style=\"text-align: justify;\">Dado el aumento de la inflaci\u00f3n por el actual escenario econ\u00f3mico, el Gobierno en conjunto con la CUT acordaron medidas respecto al reajuste del Ingreso M\u00ednimo Mensual, protecci\u00f3n frente a la inflaci\u00f3n y promoci\u00f3n del trabajo decente. El acuerdo fue suscrito por el ministro de Hacienda, Mario Marcel, la ministra del Trabajo y Previsi\u00f3n Social, Jeannette Jara, el presidente de la CUT, David Acu\u00f1a y el secretario general, Eric Campos.<\/p>\n<p style=\"text-align: justify;\">La principal medida es proponer al Congreso Nacional un reajuste del sueldo m\u00ednimo a 380 mil pesos a contar del 1 de mayo, y hasta 400 mil pesos desde el 1 de agosto. Tambi\u00e9n contempla que, en caso de que la inflaci\u00f3n acumulada durante 2022 supere el 7%, el ingreso m\u00ednimo subir\u00e1 a $410.000 a contar de enero de 2023.<\/p>\n<p style=\"text-align: justify;\">El diputado y presidente de la Comisi\u00f3n de Econom\u00eda de la C\u00e1mara, Daniel Manouchehri, apreci\u00f3 la medida concordada por el Ejecutivo y la federaci\u00f3n sindical.\u00a0 \u201cValoramos el alza del salario m\u00ednimo y las medidas que ayudar\u00e1n a frenar el alza del costo de la vida. Van en la l\u00ednea correcta. En conjunto con las medidas anunciadas en apoyo de las Pymes, ayudar\u00e1n al buen rumbo del pa\u00eds. Valoramos, adem\u00e1s, que el alza se hiciera en acuerdo con los trabajadores. Es el camino\u201d, expres\u00f3.<\/p>\n<p style=\"text-align: justify;\"><strong>Efectos de la inflaci\u00f3n y Trabajo Decente:<\/strong><\/p>\n<p style=\"text-align: justify;\">El acuerdo econ\u00f3mico contempla el establecimiento de un observatorio del valor al p\u00fablico de la canasta b\u00e1sica de alimentos, el que ser\u00e1 implementado por el Servicio Nacional del Consumidor (SERNAC). Tambi\u00e9n un nuevo beneficio compensatorio del aumento del valor de la Canasta B\u00e1sica de Alimentos mediante Asignaci\u00f3n Familiar o Subsidio \u00danico Familiar, que se pagar\u00e1 entre mayo y diciembre de 2022.<\/p>\n<p style=\"text-align: justify;\">A su vez, se anunci\u00f3 el env\u00edo al Parlamento de un proyecto de ley que flexibiliza los requisitos de ingreso al Seguro de Desempleo e incrementa el monto de sus prestaciones, la creaci\u00f3n de una mesa t\u00e9cnica de trabajo para la implementaci\u00f3n de la jornada laboral de 40 horas y la ratificaci\u00f3n del convenio 190 de la Organizaci\u00f3n Internacional del Trabajo (OIT) sobre eliminaci\u00f3n de violencia y acoso en el trabajo.<\/p>\n<p>&nbsp;<\/p>\n","protected":false},"excerpt":{"rendered":"<p>AUDIO : Diputado Daniel Manouchehri Lobos. El Gobierno y la Central Unitaria de Trabajadores (CUT) acordaron un reajuste del salario m\u00ednimo mensual hasta 400 mil pesos para mediados de a\u00f1o, medidas de protecci\u00f3n frente a la inflaci\u00f3n y promoci\u00f3n del trabajo decente. Dado el aumento de la inflaci\u00f3n por el<\/p>\n","protected":false},"author":1,"featured_media":728,"comment_status":"closed","ping_status":"open","sticky":false,"template":"","format":"standard","meta":{"footnotes":""},"categories":[26],"tags":[],"class_list":["post-727","post","type-post","status-publish","format-standard","has-post-thumbnail","hentry","category-camara-de-diputadas-y-diputados"],"_links":{"self":[{"href":"https:\/\/minutaregional.cl\/index.php?rest_route=\/wp\/v2\/posts\/727","targetHints":{"allow":["GET"]}}],"collection":[{"href":"https:\/\/minutaregional.cl\/index.php?rest_route=\/wp\/v2\/posts"}],"about":[{"href":"https:\/\/minutaregional.cl\/index.php?rest_route=\/wp\/v2\/types\/post"}],"author":[{"embeddable":true,"href":"https:\/\/minutaregional.cl\/index.php?rest_route=\/wp\/v2\/users\/1"}],"replies":[{"embeddable":true,"href":"https:\/\/minutaregional.cl\/index.php?rest_route=%2Fwp%2Fv2%2Fcomments&post=727"}],"version-history":[{"count":4,"href":"https:\/\/minutaregional.cl\/index.php?rest_route=\/wp\/v2\/posts\/727\/revisions"}],"predecessor-version":[{"id":733,"href":"https:\/\/minutaregional.cl\/index.php?rest_route=\/wp\/v2\/posts\/727\/revisions\/733"}],"wp:featuredmedia":[{"embeddable":true,"href":"https:\/\/minutaregional.cl\/index.php?rest_route=\/wp\/v2\/media\/728"}],"wp:attachment":[{"href":"https:\/\/minutaregional.cl\/index.php?rest_route=%2Fwp%2Fv2%2Fmedia&parent=727"}],"wp:term":[{"taxonomy":"category","embeddable":true,"href":"https:\/\/minutaregional.cl\/index.php?rest_route=%2Fwp%2Fv2%2Fcategories&post=727"},{"taxonomy":"post_tag","embeddable":true,"href":"https:\/\/minutaregional.cl\/index.php?rest_route=%2Fwp%2Fv2%2Ftags&post=727"}],"curies":[{"name":"wp","href":"https:\/\/api.w.org\/{rel}","templated":true}]}}