{"id":719,"date":"2022-04-25T23:43:53","date_gmt":"2022-04-25T23:43:53","guid":{"rendered":"https:\/\/minutaregional.cl\/?p=719"},"modified":"2022-04-25T23:52:08","modified_gmt":"2022-04-25T23:52:08","slug":"familias-de-localidad-rural-en-canela-cumplen-el-sueno-de-tener-electricidad-en-sus-hogares","status":"publish","type":"post","link":"https:\/\/minutaregional.cl\/?p=719","title":{"rendered":"Familias de Localidad Rural en Canela Cumplen el Sue\u00f1o de Tener Electricidad en sus Hogares"},"content":{"rendered":"<audio class=\"wp-audio-shortcode\" id=\"audio-719-1\" preload=\"none\" style=\"width: 100%;\" controls=\"controls\"><source type=\"audio\/mpeg\" src=\"https:\/\/minutaregional.cl\/wp-content\/uploads\/2022\/04\/Judith-Chaparro-Vecina-Huinchuguallego.mp3?_=1\" \/><a href=\"https:\/\/minutaregional.cl\/wp-content\/uploads\/2022\/04\/Judith-Chaparro-Vecina-Huinchuguallego.mp3\">https:\/\/minutaregional.cl\/wp-content\/uploads\/2022\/04\/Judith-Chaparro-Vecina-Huinchuguallego.mp3<\/a><\/audio>\n<p>AUDIO : Judith Chaparro &#8211; Vecina Huinchuguallego- COMUNA DE CANELA<\/p>\n<p style=\"text-align: justify;\">Son 16 las familias que desde hace 2 meses ven los beneficios del proyecto de electrificaci\u00f3n rural que esperaron por tantos a\u00f1os. Una inversi\u00f3n cercana a los $106 millones de pesos, de los que $51 millones fueron financiados por el Gobierno Regional, recursos aprobados por el CORE.<\/p>\n<p style=\"text-align: justify;\">El objetivo del permanente despliegue territorial de las y los integrantes del Consejo Regional (CORE) es conocer las reales necesidades y el impacto de los proyectos en desarrollo en las distintas comunas y localidades directamente desde sus habitantes.<\/p>\n<p style=\"text-align: justify;\">Uno de estos proyectos es la electrificaci\u00f3n rural de Huinchiguallego, en Canela. Una iniciativa con financiamiento compartido entre el Gobierno Regional, con recursos aprobados por el Consejo Regional (CORE), y la empresa CGE, que hizo realidad el anhelo y la necesidad b\u00e1sica de las 16 familias de este poblado de contar con electricidad en sus hogares.<\/p>\n<p style=\"text-align: justify;\">As\u00ed lo grafica Judith Chaparro, quien hoy emocionada muestra su refrigerador e ilumina toda su casa con tan solo accionar un interruptor. \u201cEsto es muy bonito para nosotros, hace mucho tiempo que so\u00f1\u00e1bamos con la luz, pero no pasaba nada. Antes est\u00e1bamos con velas o l\u00e1mparas solares\u201d, relat\u00f3.<\/p>\n<p style=\"text-align: justify;\">Experiencia en la que profundiz\u00f3 Jos\u00e9 Oyarzu, presidente de la agrupaci\u00f3n de vecinos de Huinchuguallego, quien agreg\u00f3 que \u201caqu\u00ed la mayor\u00eda son personas de la tercera edad, y con esto han podido comprar art\u00edculos el\u00e9ctricos como congeladores, hervidores y lavadoras, que les han aliviado el diario vivir\u201d.<\/p>\n<p style=\"text-align: justify;\">Son alrededor de 64 las personas beneficiadas por esta iniciativa que impacta directamente en la calidad de vida de las familias. Habitantes de una de las tantas localidades rurales de nuestra regi\u00f3n, con quienes se reunieron los consejeros regionales Lombardo Toledo, Paola Cort\u00e9s, Javier Vega, Francisco Martinez y los cuatro consejeros del Choapa, Darwin Ibacache, Cristian Rondanelli, David Mu\u00f1oz y Juan Barraza.<\/p>\n<p style=\"text-align: justify;\">El presidente de la Comisi\u00f3n de Desarrollo Social, Lombardo Toledo, calific\u00f3 como impactante el recibimiento de este adelanto por parte de la comunidad. \u201cEs un avance que les cambi\u00f3 la vida, hoy son m\u00e1s unidos y hay un reconocimiento por el trabajo que se hizo por largos a\u00f1os. Hoy como comisi\u00f3n de desarrollo social tenemos en cartera otros proyectos que tendr\u00e1n aprobaci\u00f3n en el Consejo Regional y Gobierno Regional lo m\u00e1s pronto posible, porque estas son comunidades que est\u00e1n aisladas del progreso y desarrollo integral y eso no podemos permitirlo\u201d, dijo.<\/p>\n<p style=\"text-align: justify;\">Por su parte, el consejero por Choapa, Juan Barraza, dijo que \u201cpara nosotros en las ciudades es tan com\u00fan tener luz, cuando se nos corta en las casas vamos a reclamar, pero ellos esperaron este proyecto por 25 a\u00f1os, para poder acceder a cosas tan sencillas como una bebida helada, ver tele y tener carne refrigerada en sus casas. Por esto, para nosotros es muy gratificante compartir esta alegr\u00eda con ellos, sobre todo con los adultos mayores que viven aqu\u00ed, adem\u00e1s de escuchar sus dem\u00e1s necesidades, por ejemplo, la de contar con un APR local, para lo que se est\u00e1 buscando una soluci\u00f3n\u201d.<\/p>\n<p style=\"text-align: justify;\">Un despliegue territorial que las y los consejeros regionales est\u00e1n profundizando, con el fin de llegar a m\u00e1s localidades como Huinchiguallego a lo largo de las tres provincias, reunirse con la comunidad para ver el impacto de iniciativas ya finalizadas con recursos regionales, fiscalizar el avance de proyectos en ejecuci\u00f3n con financiamiento del Gobierno Regional y revisar junto a alcaldes, concejales y comunidad organizada las iniciativas priorizadas desde el territorio.<\/p>\n<p>&nbsp;<\/p>\n<p>&nbsp;<\/p>\n","protected":false},"excerpt":{"rendered":"<p>AUDIO : Judith Chaparro &#8211; Vecina Huinchuguallego- COMUNA DE CANELA Son 16 las familias que desde hace 2 meses ven los beneficios del proyecto de electrificaci\u00f3n rural que esperaron por tantos a\u00f1os. Una inversi\u00f3n cercana a los $106 millones de pesos, de los que $51 millones fueron financiados por el<\/p>\n","protected":false},"author":1,"featured_media":721,"comment_status":"closed","ping_status":"open","sticky":false,"template":"","format":"standard","meta":{"footnotes":""},"categories":[19],"tags":[],"class_list":["post-719","post","type-post","status-publish","format-standard","has-post-thumbnail","hentry","category-corecoquimbo"],"_links":{"self":[{"href":"https:\/\/minutaregional.cl\/index.php?rest_route=\/wp\/v2\/posts\/719","targetHints":{"allow":["GET"]}}],"collection":[{"href":"https:\/\/minutaregional.cl\/index.php?rest_route=\/wp\/v2\/posts"}],"about":[{"href":"https:\/\/minutaregional.cl\/index.php?rest_route=\/wp\/v2\/types\/post"}],"author":[{"embeddable":true,"href":"https:\/\/minutaregional.cl\/index.php?rest_route=\/wp\/v2\/users\/1"}],"replies":[{"embeddable":true,"href":"https:\/\/minutaregional.cl\/index.php?rest_route=%2Fwp%2Fv2%2Fcomments&post=719"}],"version-history":[{"count":4,"href":"https:\/\/minutaregional.cl\/index.php?rest_route=\/wp\/v2\/posts\/719\/revisions"}],"predecessor-version":[{"id":726,"href":"https:\/\/minutaregional.cl\/index.php?rest_route=\/wp\/v2\/posts\/719\/revisions\/726"}],"wp:featuredmedia":[{"embeddable":true,"href":"https:\/\/minutaregional.cl\/index.php?rest_route=\/wp\/v2\/media\/721"}],"wp:attachment":[{"href":"https:\/\/minutaregional.cl\/index.php?rest_route=%2Fwp%2Fv2%2Fmedia&parent=719"}],"wp:term":[{"taxonomy":"category","embeddable":true,"href":"https:\/\/minutaregional.cl\/index.php?rest_route=%2Fwp%2Fv2%2Fcategories&post=719"},{"taxonomy":"post_tag","embeddable":true,"href":"https:\/\/minutaregional.cl\/index.php?rest_route=%2Fwp%2Fv2%2Ftags&post=719"}],"curies":[{"name":"wp","href":"https:\/\/api.w.org\/{rel}","templated":true}]}}