{"id":714,"date":"2022-04-25T23:24:17","date_gmt":"2022-04-25T23:24:17","guid":{"rendered":"https:\/\/minutaregional.cl\/?p=714"},"modified":"2022-04-25T23:30:06","modified_gmt":"2022-04-25T23:30:06","slug":"en-la-region-de-coquimbo-van-1-160-inscritospara-la-prueba-de-transicion-de-invierno","status":"publish","type":"post","link":"https:\/\/minutaregional.cl\/?p=714","title":{"rendered":"En la Regi\u00f3n de Coquimbo Van 1.160 Inscritos,Para la Prueba de Transici\u00f3n de Invierno"},"content":{"rendered":"<p style=\"text-align: justify;\">Hasta este viernes 29 de abril, a las 13:00 horas en el portal\u00a0<a href=\"https:\/\/nam02.safelinks.protection.outlook.com\/?url=https%3A%2F%2Foutlook.office.com%2Fmail%2Finbox%2Fid%2Facceso.mineduc.cl&amp;data=05%7C01%7Ccarmen.moreno%40mineduc.cl%7C20a5db407df5418cb39108da26ed979c%7C2e4cfe500580414093874ecde39def60%7C0%7C0%7C637865099141383331%7CUnknown%7CTWFpbGZsb3d8eyJWIjoiMC4wLjAwMDAiLCJQIjoiV2luMzIiLCJBTiI6Ik1haWwiLCJXVCI6Mn0%3D%7C3000%7C%7C%7C&amp;sdata=H4x9bcyXs9vY6KSfL39QMSeIJRHtUHOQXkWus5nmDmQ%3D&amp;reserved=0\">acceso.mineduc.cl<\/a>, todas las personas que han egresado de la ense\u00f1anza media podr\u00e1n inscribirse para rendir la Prueba de Transici\u00f3n de Invierno, que se rendir\u00e1 por primera vez el 4 y 5 de julio pr\u00f3ximo, en el marco del proceso de admisi\u00f3n 2023, para las 45 universidades adscritas al Sistema de Acceso a la Educaci\u00f3n Superior.<\/p>\n<p style=\"text-align: justify;\">A nivel nacional van m\u00e1s de 28.600 mil inscritos, quedando 21 mil vacantes para las y los egresados de ense\u00f1anza media del pa\u00eds, que quieran rendir las pruebas para ingresar a la universidad, en acceso.mineduc.cl. En la regi\u00f3n de Coquimbo se han inscrito a la fecha, 1.160 personas. El plazo vence este viernes 29 de abril, a las 13.00 horas.<\/p>\n<p style=\"text-align: justify;\">La Seremi de Educaci\u00f3n, Cecilia Ram\u00edrez Ch\u00e1vez inform\u00f3 que \u201ca la fecha llevamos 1.160 personas inscritas en la regi\u00f3n para rendir la nueva \u201cprueba de transici\u00f3n de invierno\u201d. Como Seremi de Educaci\u00f3n hago un llamado a las y los egresados de ense\u00f1anza media de la regi\u00f3n, para que se inscriban. Hay plazo hasta el viernes para que puedan participar del proceso de admisi\u00f3n 2023 en las universidades adscritas al Sistema de Educaci\u00f3n Superior. Este cambio, es parte de la agenda que como Gobierno estamos implementando. Queremos profundizar esta agenda para ampliar y diversificar el acceso a la educaci\u00f3n superior, y as\u00ed poder construir un sistema m\u00e1s equitativo, m\u00e1s justo, que ponga en el centro a nuestras y nuestros estudiantes, reconociendo y dando cuenta de la diversidad de sus talentos, no s\u00f3lo en la regi\u00f3n, sino en todo el territorio nacional\u201d.<\/p>\n<p style=\"text-align: justify;\">La subsecretaria de Educaci\u00f3n Superior, Ver\u00f3nica Figueroa Huencho se\u00f1al\u00f3 que este a\u00f1o se est\u00e1 abriendo una nueva oportunidad para las y los egresados de ense\u00f1anza media, que hasta ahora deb\u00edan esperar un a\u00f1o completo para volver a rendir la prueba de ingreso a las universidades. Este cambio, es parte de una agenda que nosotros queremos profundizar buscando ampliar y diversificar el acceso a la educaci\u00f3n superior, para poder construir un sistema m\u00e1s equitativo y justo, que ponga al centro a las y los postulantes, reconociendo y dando cuenta de la diversidad de sus talentos a lo largo de todos los territorios. A\u00fan quedan m\u00e1s de 21 mil vacantes disponibles, por lo que llamamos a las y los interesados a no perder esta oportunidad\u201d.<\/p>\n<p style=\"text-align: justify;\">En tanto, la directora del DEMRE de la Universidad de Chile, Leonor Varas, plante\u00f3 que \u201ccomo es la primera vez que se aplica la prueba a mediados de a\u00f1o, creemos que debe haber postulantes que a\u00fan no se han informado de su implementaci\u00f3n. Por eso, la invitaci\u00f3n es a revisar nuestros sitios web y redes sociales (<a href=\"https:\/\/nam02.safelinks.protection.outlook.com\/?url=https%3A%2F%2Foutlook.office.com%2Fmail%2Finbox%2Fid%2Facceso.mineduc.cl&amp;data=05%7C01%7Ccarmen.moreno%40mineduc.cl%7C20a5db407df5418cb39108da26ed979c%7C2e4cfe500580414093874ecde39def60%7C0%7C0%7C637865099141383331%7CUnknown%7CTWFpbGZsb3d8eyJWIjoiMC4wLjAwMDAiLCJQIjoiV2luMzIiLCJBTiI6Ik1haWwiLCJXVCI6Mn0%3D%7C3000%7C%7C%7C&amp;sdata=H4x9bcyXs9vY6KSfL39QMSeIJRHtUHOQXkWus5nmDmQ%3D&amp;reserved=0\">acceso.mineduc.cl<\/a>\u00a0y\u00a0<a href=\"https:\/\/nam02.safelinks.protection.outlook.com\/?url=http%3A%2F%2Fwww.demre.cl%2F&amp;data=05%7C01%7Ccarmen.moreno%40mineduc.cl%7C20a5db407df5418cb39108da26ed979c%7C2e4cfe500580414093874ecde39def60%7C0%7C0%7C637865099141383331%7CUnknown%7CTWFpbGZsb3d8eyJWIjoiMC4wLjAwMDAiLCJQIjoiV2luMzIiLCJBTiI6Ik1haWwiLCJXVCI6Mn0%3D%7C3000%7C%7C%7C&amp;sdata=FsTH1P5GMI%2B0GwkPyoJ5uldwKpdaSr658sugy1TQEzs%3D&amp;reserved=0\">www.demre.cl<\/a>), y a correr la voz con los amigos, para que la mayor cantidad de j\u00f3venes aproveche esta valiosa oportunidad en que, adem\u00e1s, podr\u00e1n rendir las pruebas que estimen convenientes, una o m\u00e1s\u00bb.<\/p>\n<p style=\"text-align: justify;\">La y los postulantes de manera in\u00e9dita, pueden elegir qu\u00e9 pruebas quieren rendir, pudiendo inscribir solo una, o bien las cuatro disponibles: Comprensi\u00f3n Lectora, Matem\u00e1tica, Ciencias e Historia y Ciencias Sociales. De esta manera, adem\u00e1s, el arancel de la inscripci\u00f3n ser\u00e1 diferenciado seg\u00fan la cantidad de pruebas que se inscriba ($13.800 si se inscribe solo una; $25.195 para dos pruebas; y $36.590 para tres o m\u00e1s pruebas).<\/p>\n<p style=\"text-align: justify;\">De acuerdo a la definici\u00f3n adoptada el a\u00f1o pasado por el Comit\u00e9 T\u00e9cnico de Acceso Universitario, al tratarse de la primera vez en que se realizar\u00e1 una prueba de invierno, se abrieron 50 mil vacantes en todo el pa\u00eds, cifra que se estableci\u00f3 en base al n\u00famero de personas egresadas de la Ense\u00f1anza Media que cada a\u00f1o se inscribe para rendir por segunda vez la prueba. Cabe recordar que a lo largo del pa\u00eds se habilitar\u00e1n sedes en todas las capitales regionales, adem\u00e1s de Isla de Pascua, entre otras. El detalle de las sedes estar\u00e1 disponible en el mismo portal de inscripci\u00f3n.<\/p>\n<p style=\"text-align: justify;\">A partir del proceso de admisi\u00f3n 2023 -que se inicia con la rendici\u00f3n de la Prueba de Transici\u00f3n de Invierno-,\u00a0la selecci\u00f3n de los postulantes se realizar\u00e1 considerando el mejor puntaje que hayan obtenido en cada una de las pruebas de admisi\u00f3n, considerando tanto las rendidas el a\u00f1o pasado, como las que se rindan este a\u00f1o.<\/p>\n<p><strong>Inscripciones por Regi\u00f3n\u00a0<\/strong><\/p>\n<table width=\"427\">\n<tbody>\n<tr>\n<td width=\"224\"><strong>REGI\u00d3N\u00a0<\/strong><\/td>\n<td width=\"203\"><strong>Inscripciones a la fecha\u00a0<\/strong><\/td>\n<\/tr>\n<tr>\n<td width=\"224\">Regi\u00f3n de Arica y Parinacota<\/td>\n<td width=\"203\">462<\/td>\n<\/tr>\n<tr>\n<td width=\"224\">Regi\u00f3n de Tarapac\u00e1<\/td>\n<td width=\"203\">445<\/td>\n<\/tr>\n<tr>\n<td width=\"224\">Regi\u00f3n de Antofagasta<\/td>\n<td width=\"203\">843<\/td>\n<\/tr>\n<tr>\n<td width=\"224\">Regi\u00f3n de Atacama<\/td>\n<td width=\"203\">271<\/td>\n<\/tr>\n<tr>\n<td width=\"224\"><strong>Regi\u00f3n de Coquimbo\u00a0<\/strong><\/td>\n<td width=\"203\"><strong>1.160\u00a0<\/strong><\/td>\n<\/tr>\n<tr>\n<td width=\"224\">Regi\u00f3n de Valpara\u00edso<\/td>\n<td width=\"203\">2.268<\/td>\n<\/tr>\n<tr>\n<td width=\"224\">Regi\u00f3n Metropolitana<\/td>\n<td width=\"203\">11.642<\/td>\n<\/tr>\n<tr>\n<td width=\"224\">Regi\u00f3n de O\u2019Higgins<\/td>\n<td width=\"203\">1.501<\/td>\n<\/tr>\n<tr>\n<td width=\"224\">Regi\u00f3n del Maule<\/td>\n<td width=\"203\">2.032<\/td>\n<\/tr>\n<tr>\n<td width=\"224\">Regi\u00f3n del \u00d1uble<\/td>\n<td width=\"203\">836<\/td>\n<\/tr>\n<tr>\n<td width=\"224\">Regi\u00f3n del Biob\u00edo<\/td>\n<td width=\"203\">3.340<\/td>\n<\/tr>\n<tr>\n<td width=\"224\">Regi\u00f3n de La Araucan\u00eda<\/td>\n<td width=\"203\">1.674<\/td>\n<\/tr>\n<tr>\n<td width=\"224\">Regi\u00f3n de Los R\u00edos<\/td>\n<td width=\"203\">696<\/td>\n<\/tr>\n<tr>\n<td width=\"224\">Regi\u00f3n de Los Lagos<\/td>\n<td width=\"203\">1.145<\/td>\n<\/tr>\n<tr>\n<td width=\"224\">Regi\u00f3n de Ays\u00e9n<\/td>\n<td width=\"203\">157<\/td>\n<\/tr>\n<tr>\n<td width=\"224\">Regi\u00f3n de Magallanes<\/td>\n<td width=\"203\">201<\/td>\n<\/tr>\n<tr>\n<td width=\"224\">Total pa\u00eds<\/td>\n<td width=\"203\">28.673<\/td>\n<\/tr>\n<\/tbody>\n<\/table>\n<p>&nbsp;<\/p>\n<p>&nbsp;<\/p>\n<p>&nbsp;<\/p>\n","protected":false},"excerpt":{"rendered":"<p>Hasta este viernes 29 de abril, a las 13:00 horas en el portal\u00a0acceso.mineduc.cl, todas las personas que han egresado de la ense\u00f1anza media podr\u00e1n inscribirse para rendir la Prueba de Transici\u00f3n de Invierno, que se rendir\u00e1 por primera vez el 4 y 5 de julio pr\u00f3ximo, en el marco del<\/p>\n","protected":false},"author":1,"featured_media":716,"comment_status":"closed","ping_status":"open","sticky":false,"template":"","format":"standard","meta":{"footnotes":""},"categories":[40],"tags":[],"class_list":["post-714","post","type-post","status-publish","format-standard","has-post-thumbnail","hentry","category-secreduc_iv"],"_links":{"self":[{"href":"https:\/\/minutaregional.cl\/index.php?rest_route=\/wp\/v2\/posts\/714","targetHints":{"allow":["GET"]}}],"collection":[{"href":"https:\/\/minutaregional.cl\/index.php?rest_route=\/wp\/v2\/posts"}],"about":[{"href":"https:\/\/minutaregional.cl\/index.php?rest_route=\/wp\/v2\/types\/post"}],"author":[{"embeddable":true,"href":"https:\/\/minutaregional.cl\/index.php?rest_route=\/wp\/v2\/users\/1"}],"replies":[{"embeddable":true,"href":"https:\/\/minutaregional.cl\/index.php?rest_route=%2Fwp%2Fv2%2Fcomments&post=714"}],"version-history":[{"count":2,"href":"https:\/\/minutaregional.cl\/index.php?rest_route=\/wp\/v2\/posts\/714\/revisions"}],"predecessor-version":[{"id":717,"href":"https:\/\/minutaregional.cl\/index.php?rest_route=\/wp\/v2\/posts\/714\/revisions\/717"}],"wp:featuredmedia":[{"embeddable":true,"href":"https:\/\/minutaregional.cl\/index.php?rest_route=\/wp\/v2\/media\/716"}],"wp:attachment":[{"href":"https:\/\/minutaregional.cl\/index.php?rest_route=%2Fwp%2Fv2%2Fmedia&parent=714"}],"wp:term":[{"taxonomy":"category","embeddable":true,"href":"https:\/\/minutaregional.cl\/index.php?rest_route=%2Fwp%2Fv2%2Fcategories&post=714"},{"taxonomy":"post_tag","embeddable":true,"href":"https:\/\/minutaregional.cl\/index.php?rest_route=%2Fwp%2Fv2%2Ftags&post=714"}],"curies":[{"name":"wp","href":"https:\/\/api.w.org\/{rel}","templated":true}]}}