{"id":703,"date":"2022-04-24T01:37:38","date_gmt":"2022-04-24T01:37:38","guid":{"rendered":"https:\/\/minutaregional.cl\/?p=703"},"modified":"2022-04-24T01:38:22","modified_gmt":"2022-04-24T01:38:22","slug":"pdi-advierte-los-peligros-de-las-redes-sociales-para-escolares-mediante-charlas-educativas","status":"publish","type":"post","link":"https:\/\/minutaregional.cl\/?p=703","title":{"rendered":"PDI ADVIERTE LOS PELIGROS DE LAS REDES SOCIALES PARA ESCOLARES MEDIANTE CHARLAS EDUCATIVAS"},"content":{"rendered":"<p><em>Detectives y profesionales de la Regi\u00f3n Policial de Coquimbo, invitan a participar en las jornadas que entregan recomendaciones para un buen uso de las plataformas digitales y no ser v\u00edctima de delitos.<\/em><\/p>\n<p>Ya son cerca de 600 participantes de las jornadas educativas que hasta la fecha realiz\u00f3 el Programa de Acci\u00f3n Comunitaria de la Regi\u00f3n Policial de Coquimbo, a trav\u00e9s de la oficina de proyectos de la Plana Mayor La Serena.<\/p>\n<p>El equipo de detectives y profesionales de la PDI, ya expuso en 7 establecimientos educacionales de La Serena y Coquimbo donde estudiantes, cuerpo docente, equipo directivo, incluso padres, madres y apoderados participaron activamente y recibieron los conocimientos sobre el ciberbullying y como detectar amenazas que se presentan a trav\u00e9s de las redes sociales.<\/p>\n<p><strong><em>\u201cEl entorno cercano de ni\u00f1os, ni\u00f1as y j\u00f3venes debe estar alerta a cualquier cambio que tengan en su car\u00e1cter, impulsividad o forma de ser. Detalles como dejar de comer, trastornos de sue\u00f1o o comportamientos en el propio \u00e1mbito educacional pueden ser algunas se\u00f1ales que se deben atender. En el caso que una v\u00edctima exprese o d\u00e9 cuenta que est\u00e1 sufriendo ciberbullying o grooming, o cualquier situaci\u00f3n de riesgo, es importante que el adulto haga la denuncia en la PDI. Somos nosotros quienes llevamos adelante las investigaciones, con personal calificado y preparado para ello, a modo de buscar soluciones\u201d,<\/em><\/strong> se\u00f1al\u00f3 el Comisario Harry D\u00edaz, a cargo de la Oficina de Acci\u00f3n Comunitaria de la Plana Mayor La Serena.<\/p>\n<p>En diversos establecimientos de la conurbaci\u00f3n, se defini\u00f3 abril como el Mes de la Convivencia Escolar, especialmente para abordar el contexto de conflictos e incidentes graves, donde el retorno a clases se ha vuelto violento, con agresiones, amenazas y situaciones difundidas por las redes sociales a nivel nacional y regional, durante las primeras semanas del a\u00f1o.<\/p>\n<p>En la Escuela El Pe\u00f1\u00f3n de Coquimbo, los detectives desarrollaron su charla con estudiantes de 5\u00b0 y 6\u00b0 b\u00e1sico, donde entregaron detalles en relaci\u00f3n a los peligros y el buen uso de las redes sociales, los alcances del ciberbullying y del grooming, las estafas, entre otras acciones que ameritan estar atentos y denunciar.<\/p>\n<p><strong><em>\u201cLa exposici\u00f3n ha sido clara. Hemos visto c\u00f3mo ha crecido la violencia escolar por eso valoramos la disposici\u00f3n de la PDI para venir a contarnos los problemas que podemos encontrar en las redes sociales y las recomendaciones para no convertirse en v\u00edctimas. Nosotros tenemos protocolos establecidos, abordando esta tem\u00e1tica con ayuda psicosocial y en conjunto con los padres y apoderados, todo para entregarles a nuestros estudiantes una educaci\u00f3n de calidad e integral\u201d,<\/em><\/strong> destac\u00f3 Luis Araya, director de la Escuela El Pe\u00f1\u00f3n del Servicio Local de Educaci\u00f3n Puerto Cordillera, en Coquimbo.<\/p>\n<p>El inter\u00e9s y la relevancia por incorporar estas actividades aumenta entre la comunidad escolar, y as\u00ed se refleja en la agenda de la Oficina de Acci\u00f3n Comunitaria, que ya se encuentra con compromisos desde mayo hasta el mes de agosto. En las pr\u00f3ximas semanas se espera completar el programa anual de estas jornadas educativas, que adem\u00e1s considera trabajar con las organizaciones sociales que lo soliciten al correo pmayor.sna@investigaciones.cl.<\/p>\n<p>&nbsp;<\/p>\n","protected":false},"excerpt":{"rendered":"<p>Detectives y profesionales de la Regi\u00f3n Policial de Coquimbo, invitan a participar en las jornadas que entregan recomendaciones para un buen uso de las plataformas digitales y no ser v\u00edctima de delitos. Ya son cerca de 600 participantes de las jornadas educativas que hasta la fecha realiz\u00f3 el Programa de<\/p>\n","protected":false},"author":1,"featured_media":704,"comment_status":"open","ping_status":"open","sticky":false,"template":"","format":"standard","meta":{"footnotes":""},"categories":[14],"tags":[],"class_list":["post-703","post","type-post","status-publish","format-standard","has-post-thumbnail","hentry","category-pdi"],"_links":{"self":[{"href":"https:\/\/minutaregional.cl\/index.php?rest_route=\/wp\/v2\/posts\/703","targetHints":{"allow":["GET"]}}],"collection":[{"href":"https:\/\/minutaregional.cl\/index.php?rest_route=\/wp\/v2\/posts"}],"about":[{"href":"https:\/\/minutaregional.cl\/index.php?rest_route=\/wp\/v2\/types\/post"}],"author":[{"embeddable":true,"href":"https:\/\/minutaregional.cl\/index.php?rest_route=\/wp\/v2\/users\/1"}],"replies":[{"embeddable":true,"href":"https:\/\/minutaregional.cl\/index.php?rest_route=%2Fwp%2Fv2%2Fcomments&post=703"}],"version-history":[{"count":1,"href":"https:\/\/minutaregional.cl\/index.php?rest_route=\/wp\/v2\/posts\/703\/revisions"}],"predecessor-version":[{"id":705,"href":"https:\/\/minutaregional.cl\/index.php?rest_route=\/wp\/v2\/posts\/703\/revisions\/705"}],"wp:featuredmedia":[{"embeddable":true,"href":"https:\/\/minutaregional.cl\/index.php?rest_route=\/wp\/v2\/media\/704"}],"wp:attachment":[{"href":"https:\/\/minutaregional.cl\/index.php?rest_route=%2Fwp%2Fv2%2Fmedia&parent=703"}],"wp:term":[{"taxonomy":"category","embeddable":true,"href":"https:\/\/minutaregional.cl\/index.php?rest_route=%2Fwp%2Fv2%2Fcategories&post=703"},{"taxonomy":"post_tag","embeddable":true,"href":"https:\/\/minutaregional.cl\/index.php?rest_route=%2Fwp%2Fv2%2Ftags&post=703"}],"curies":[{"name":"wp","href":"https:\/\/api.w.org\/{rel}","templated":true}]}}