{"id":699,"date":"2022-04-24T01:24:14","date_gmt":"2022-04-24T01:24:14","guid":{"rendered":"https:\/\/minutaregional.cl\/?p=699"},"modified":"2022-04-24T01:24:14","modified_gmt":"2022-04-24T01:24:14","slug":"pdi-desarticulo-domicilio-que-usaban-para-la-venta-de-drogas-en-la-parte-alta-de-coquimbo","status":"publish","type":"post","link":"https:\/\/minutaregional.cl\/?p=699","title":{"rendered":"PDI DESARTICUL\u00d3 DOMICILIO QUE USABAN PARA LA VENTA DE DROGAS EN LA PARTE ALTA DE COQUIMBO"},"content":{"rendered":"<audio class=\"wp-audio-shortcode\" id=\"audio-699-1\" preload=\"none\" style=\"width: 100%;\" controls=\"controls\"><source type=\"audio\/mpeg\" src=\"https:\/\/minutaregional.cl\/wp-content\/uploads\/2022\/04\/CUNA-PDI-TRAFICO-COQUIMBO.mp3?_=1\" \/><a href=\"https:\/\/minutaregional.cl\/wp-content\/uploads\/2022\/04\/CUNA-PDI-TRAFICO-COQUIMBO.mp3\">https:\/\/minutaregional.cl\/wp-content\/uploads\/2022\/04\/CUNA-PDI-TRAFICO-COQUIMBO.mp3<\/a><\/audio>\n<p>AUDIO: Subprefecto Jos\u00e9 Ortega, jefe de la Brigada de Investigaci\u00f3n Criminal Coquimbo.<\/p>\n<p><em>Detectives del equipo especialista Microtr\u00e1fico Cero y de la Brigada de Investigaci\u00f3n Criminal Coquimbo, realizaron una operaci\u00f3n que termin\u00f3 con dos imputados detenidos y la incautaci\u00f3n de coca\u00edna base.<\/em><\/p>\n<p>Casi un kilo de coca\u00edna base a granel y dosificada en m\u00e1s de 300 envoltorios de papel, incautaron los detectives del equipo Microtr\u00e1fico Cero de Coquimbo, tras la investigaci\u00f3n que estableci\u00f3 el uso de un domicilio de la Parte Alta, como centro de venta de la sustancia ilegal.<\/p>\n<p><strong>\u201cEl trabajo de an\u00e1lisis criminal e inteligencia policial que realizaron los detectives de esta unidad, en coordinaci\u00f3n con el Ministerio P\u00fablico, permiti\u00f3 reunir la evidencia necesaria para solicitar la Orden Judicial de entrada y registro a un inmueble, donde incautamos m\u00e1s de 968 gramos de coca\u00edna base, la mayor parte de la droga a granel y el resto dosificada en 343 envoltorios de papel\u201d,<\/strong> se\u00f1al\u00f3 el Subprefecto Jos\u00e9 Ortega, jefe de la Brigada de Investigaci\u00f3n Criminal Coquimbo.<\/p>\n<p>$474.860 pesos en efectivo, en billetes y monedas de diversa denominaci\u00f3n, tambi\u00e9n fueron incautados en el procedimiento que result\u00f3 con dos detenidos, un hombre y una mujer mayores de edad, que estaban individualizados en la investigaci\u00f3n de la polic\u00eda civil.<\/p>\n<p>Ambos imputados, fueron trasladados al Juzgado de Garant\u00eda de Coquimbo para su control de detenci\u00f3n y formalizaci\u00f3n por el delito de tr\u00e1fico de drogas. Con la presentaci\u00f3n de las evidencias ante el tribunal, los dos detenidos quedaron en prisi\u00f3n preventiva.<\/p>\n<p>Desde la PDI, realizan un llamado a los vecinos para denunciar al 134 o al fono Denuncia Seguro 600 400 01 01. Entregar la mayor cantidad de antecedentes de manera confidencial, permitir\u00e1 desarrollar una investigaci\u00f3n efectiva y reunir toda la evidencia que ayude a erradicar estos lugares destinados a la venta de drogas, detener a los involucrados y recuperar la seguridad que se merecen los vecinos.<\/p>\n","protected":false},"excerpt":{"rendered":"<p>AUDIO: Subprefecto Jos\u00e9 Ortega, jefe de la Brigada de Investigaci\u00f3n Criminal Coquimbo. Detectives del equipo especialista Microtr\u00e1fico Cero y de la Brigada de Investigaci\u00f3n Criminal Coquimbo, realizaron una operaci\u00f3n que termin\u00f3 con dos imputados detenidos y la incautaci\u00f3n de coca\u00edna base. Casi un kilo de coca\u00edna base a granel y<\/p>\n","protected":false},"author":1,"featured_media":700,"comment_status":"open","ping_status":"open","sticky":false,"template":"","format":"standard","meta":{"footnotes":""},"categories":[14],"tags":[],"class_list":["post-699","post","type-post","status-publish","format-standard","has-post-thumbnail","hentry","category-pdi"],"_links":{"self":[{"href":"https:\/\/minutaregional.cl\/index.php?rest_route=\/wp\/v2\/posts\/699","targetHints":{"allow":["GET"]}}],"collection":[{"href":"https:\/\/minutaregional.cl\/index.php?rest_route=\/wp\/v2\/posts"}],"about":[{"href":"https:\/\/minutaregional.cl\/index.php?rest_route=\/wp\/v2\/types\/post"}],"author":[{"embeddable":true,"href":"https:\/\/minutaregional.cl\/index.php?rest_route=\/wp\/v2\/users\/1"}],"replies":[{"embeddable":true,"href":"https:\/\/minutaregional.cl\/index.php?rest_route=%2Fwp%2Fv2%2Fcomments&post=699"}],"version-history":[{"count":1,"href":"https:\/\/minutaregional.cl\/index.php?rest_route=\/wp\/v2\/posts\/699\/revisions"}],"predecessor-version":[{"id":702,"href":"https:\/\/minutaregional.cl\/index.php?rest_route=\/wp\/v2\/posts\/699\/revisions\/702"}],"wp:featuredmedia":[{"embeddable":true,"href":"https:\/\/minutaregional.cl\/index.php?rest_route=\/wp\/v2\/media\/700"}],"wp:attachment":[{"href":"https:\/\/minutaregional.cl\/index.php?rest_route=%2Fwp%2Fv2%2Fmedia&parent=699"}],"wp:term":[{"taxonomy":"category","embeddable":true,"href":"https:\/\/minutaregional.cl\/index.php?rest_route=%2Fwp%2Fv2%2Fcategories&post=699"},{"taxonomy":"post_tag","embeddable":true,"href":"https:\/\/minutaregional.cl\/index.php?rest_route=%2Fwp%2Fv2%2Ftags&post=699"}],"curies":[{"name":"wp","href":"https:\/\/api.w.org\/{rel}","templated":true}]}}