{"id":692,"date":"2022-04-22T04:09:21","date_gmt":"2022-04-22T04:09:21","guid":{"rendered":"https:\/\/minutaregional.cl\/?p=692"},"modified":"2022-04-22T04:13:22","modified_gmt":"2022-04-22T04:13:22","slug":"dialogan-con-gremio-pisquero-para-fortalecer-defensa-del-destilado","status":"publish","type":"post","link":"https:\/\/minutaregional.cl\/?p=692","title":{"rendered":"Dialogan con Gremio Pisquero para Fortalecer Defensa del Destilado"},"content":{"rendered":"<audio class=\"wp-audio-shortcode\" id=\"audio-692-1\" preload=\"none\" style=\"width: 100%;\" controls=\"controls\"><source type=\"audio\/mpeg\" src=\"https:\/\/minutaregional.cl\/wp-content\/uploads\/2022\/04\/FERNANDO-VIVEROS-SEREMI-DE-GOBIERNO.mp3?_=1\" \/><a href=\"https:\/\/minutaregional.cl\/wp-content\/uploads\/2022\/04\/FERNANDO-VIVEROS-SEREMI-DE-GOBIERNO.mp3\">https:\/\/minutaregional.cl\/wp-content\/uploads\/2022\/04\/FERNANDO-VIVEROS-SEREMI-DE-GOBIERNO.mp3<\/a><\/audio>\n<p>AUDIO : Seremi de Gobierno, Fernando Viveros,<\/p>\n<p><strong><em>En un encuentro con el Vocero Regional representantes de la Asociaci\u00f3n de Productores de Pisco\u00a0 valoraron el apoyo que est\u00e1 manifestando la autoridad a sus requerimientos<\/em><\/strong><\/p>\n<p>Para potenciar la protecci\u00f3n y promoci\u00f3n del legado hist\u00f3rico, social, cultural y productivo del pisco en el norte del pa\u00eds, el Seremi de Gobierno de la Regi\u00f3n de Coquimbo, Fernando Viveros, se reuni\u00f3n con Francisco Munizaga, Presidente de la agrupaci\u00f3n Pisco Chile AG.<\/p>\n<p>En la oportunidad, el gremio plante\u00f3 el trabajo que se encuentran realizando para la defensa de la Denominaci\u00f3n de Origen del destilado y los desaf\u00edos futuros que est\u00e1n asumiendo como asociaci\u00f3n, los que, tambi\u00e9n, abarcan el potenciamiento del turismo de intereses especiales en el Valle de Elqui.<\/p>\n<p><strong>\u201cPara los valles transversales de la III y IV Regi\u00f3n el pisco es vital, es s\u00faper significativo. Lo m\u00e1s evidente es la comercializaci\u00f3n del pisco, pero, adem\u00e1s, est\u00e1 toda la cadena que hay detr\u00e1s. El pisco llama al turismo; hay mucho turismo, especialmente en el Valle de Elqui respecto al pisco. Los turistas vienen a visitar las destiler\u00edas eso genera nuevas ventas, adem\u00e1s, detr\u00e1s de la producci\u00f3n de pisco est\u00e1 la producci\u00f3n de uva pisquera, que tambi\u00e9n es s\u00faper relevante\u201d, detall\u00f3 Francisco Munizaga, Presidente de Pisco Chile AG.<\/strong><\/p>\n<p>Por su parte, el Alcalde de Paihuano, Hern\u00e1n Ahumada, valor\u00f3 el espacio que se dio y que se manifieste el apoyo a este gremio, que cuenta con una gran y aporte tradici\u00f3n en el valle.<\/p>\n<p><strong>\u201cLa comuna de Paihuano, el coraz\u00f3n del Valle de Elqui, somos la cuna del pisco. El vestigio m\u00e1s antiguo de la palabra pisco se encontr\u00f3 en el a\u00f1o 1733 en esta comuna, en el sector de Pisco Elqui, antes pueblo de La Greda, por lo tanto es fundamental para nosotros el apoyo a la industria pisquera, sobre todo en estos momentos donde la agricultura est\u00e1 un poco deca\u00edda debido a la escasez h\u00eddrica\u201d, expres\u00f3 el edil paihuanino.<\/strong><\/p>\n<p>Para el Vocero Regional, Fernando Viveros, la actividad pisquera es muy significativa para la regi\u00f3n, no s\u00f3lo porque es una ancestral y que est\u00e1 ligada al patrimonio cultural de la zona, sino que, tambi\u00e9n, por el aporte en la generaci\u00f3n de empleos y puestos de trabajo en algunos sectores que est\u00e1n m\u00e1s rezagados.<\/p>\n<p><strong>\u00a0<\/strong><strong>\u201cPara nosotros, como Gobierno, es clave potenciar la industria del pisco, no solamente, porque beneficia a los productores de pisco, sino por todo el encadenamiento productivo: agricultores, familias, que viven precisamente de la producci\u00f3n ac\u00e1 en nuestra zona. Por lo tanto, como Gobierno vamos a hacer todo lo posible, precisamente, por apoyar y vencer las dificultades que tiene esta actividad econ\u00f3mica\u201d, indic\u00f3 el Seremi de Gobierno, Fernando Viveros.<\/strong><\/p>\n","protected":false},"excerpt":{"rendered":"<p>AUDIO : Seremi de Gobierno, Fernando Viveros, En un encuentro con el Vocero Regional representantes de la Asociaci\u00f3n de Productores de Pisco\u00a0 valoraron el apoyo que est\u00e1 manifestando la autoridad a sus requerimientos Para potenciar la protecci\u00f3n y promoci\u00f3n del legado hist\u00f3rico, social, cultural y productivo del pisco en el<\/p>\n","protected":false},"author":1,"featured_media":698,"comment_status":"open","ping_status":"open","sticky":false,"template":"","format":"standard","meta":{"footnotes":""},"categories":[24],"tags":[],"class_list":["post-692","post","type-post","status-publish","format-standard","has-post-thumbnail","hentry","category-seremi-de-gobierno"],"_links":{"self":[{"href":"https:\/\/minutaregional.cl\/index.php?rest_route=\/wp\/v2\/posts\/692","targetHints":{"allow":["GET"]}}],"collection":[{"href":"https:\/\/minutaregional.cl\/index.php?rest_route=\/wp\/v2\/posts"}],"about":[{"href":"https:\/\/minutaregional.cl\/index.php?rest_route=\/wp\/v2\/types\/post"}],"author":[{"embeddable":true,"href":"https:\/\/minutaregional.cl\/index.php?rest_route=\/wp\/v2\/users\/1"}],"replies":[{"embeddable":true,"href":"https:\/\/minutaregional.cl\/index.php?rest_route=%2Fwp%2Fv2%2Fcomments&post=692"}],"version-history":[{"count":3,"href":"https:\/\/minutaregional.cl\/index.php?rest_route=\/wp\/v2\/posts\/692\/revisions"}],"predecessor-version":[{"id":697,"href":"https:\/\/minutaregional.cl\/index.php?rest_route=\/wp\/v2\/posts\/692\/revisions\/697"}],"wp:featuredmedia":[{"embeddable":true,"href":"https:\/\/minutaregional.cl\/index.php?rest_route=\/wp\/v2\/media\/698"}],"wp:attachment":[{"href":"https:\/\/minutaregional.cl\/index.php?rest_route=%2Fwp%2Fv2%2Fmedia&parent=692"}],"wp:term":[{"taxonomy":"category","embeddable":true,"href":"https:\/\/minutaregional.cl\/index.php?rest_route=%2Fwp%2Fv2%2Fcategories&post=692"},{"taxonomy":"post_tag","embeddable":true,"href":"https:\/\/minutaregional.cl\/index.php?rest_route=%2Fwp%2Fv2%2Ftags&post=692"}],"curies":[{"name":"wp","href":"https:\/\/api.w.org\/{rel}","templated":true}]}}