{"id":684,"date":"2022-04-20T17:09:54","date_gmt":"2022-04-20T17:09:54","guid":{"rendered":"https:\/\/minutaregional.cl\/?p=684"},"modified":"2022-04-21T02:27:37","modified_gmt":"2022-04-21T02:27:37","slug":"sobre-el-intento-de-fuga-de-reos-en-la-carcel-de-illapel-la-municipalidad-de-illapel-informa","status":"publish","type":"post","link":"https:\/\/minutaregional.cl\/?p=684","title":{"rendered":"Sobre el intento de Fuga de Reos en la C\u00e1rcel de Illapel : La Municipalidad de Illapel informa:"},"content":{"rendered":"<audio class=\"wp-audio-shortcode\" id=\"audio-684-1\" preload=\"none\" style=\"width: 100%;\" controls=\"controls\"><source type=\"audio\/mpeg\" src=\"https:\/\/minutaregional.cl\/wp-content\/uploads\/2022\/04\/Cuna-alcalde-fuga-1.mp3?_=1\" \/><a href=\"https:\/\/minutaregional.cl\/wp-content\/uploads\/2022\/04\/Cuna-alcalde-fuga-1.mp3\">https:\/\/minutaregional.cl\/wp-content\/uploads\/2022\/04\/Cuna-alcalde-fuga-1.mp3<\/a><\/audio>\n<p>AUDIO: Alcalde Denis Cort\u00e9s Aguilera<\/p>\n<p>Luego de que funcionarios de Gendarmer\u00eda del Centro de Detenci\u00f3n Preventiva y Reinserci\u00f3n Social \u00a0de Illapel evitaran una fuga masiva de reos, el pasado jueves 14 de abril, mediante el allanamiento de unos de los m\u00f3dulos por ruidos extra\u00f1os y sospechosos, en el que encontraron un forado en el muro, junto con cinceles artesanales y algunos martillos que utilizaron para llevar a cabo el escape, la Municipalidad de Illapel ha puesto en la agenda de temas que preocupan a la ciudadan\u00eda y a la administraci\u00f3n comunal, el peligro que implica tener emplazada la c\u00e1rcel en pleno centro de la ciudad, principalmente para los vecinos del sector y quienes transitan a diario por las calles colindantes.<\/p>\n<p>Ante esta situaci\u00f3n, el alcalde de la comuna, Denis Cort\u00e9s Aguilera, ha enviado un oficio al Ministerio de Justicia, explicando la preocupaci\u00f3n en torno a los hechos mencionados, esperando que exista una carta Gantt de trabajo para revisar, definitivamente, d\u00f3nde puede ser trasladada la c\u00e1rcel de Illapel. En este sentido, el jefe municipal mencion\u00f3 que \u201cesta frustrada fuga que se quiso desarrollar en el penal de nuestra comuna de Illapel nos preocupa, porque es una c\u00e1rcel que est\u00e1 en pleno centro de nuestra comuna, a s\u00f3lo una cuadras de nuestra plaza de Illapel y por lo tanto, creo que ha llegado la hora de que el Ministerio de Justicia y las distintas autoridades comiencen a trabajar en revisar en c\u00f3mo podemos relocalizar\u00a0 ese lugar. Yo s\u00e9 que no es de un d\u00eda para otro, pero\u00a0 tenemos que efectivamente mirar y proyectar la comuna hacia el futuro y creo que no es razonable que tengamos en pleno centro de Illapel la c\u00e1rcel\u201d. Adem\u00e1s, entendiendo que este centro penitenciario recibe reos de distintos lugares de la regi\u00f3n de Coquimbo, el jefe municipal se\u00f1al\u00f3 que \u201cesto no tiene que ver con discriminaci\u00f3n, sino que tiene que ver con la seguridad de nuestros vecinos y vecinas, tambi\u00e9n facilitar el trabajo de los propios funcionarios de gendarmer\u00eda que no necesariamente tienen ah\u00ed las mejores condiciones, por lo tanto, hay que tener una c\u00e1rcel moderna, segura y hacerla en otro lugar.<\/p>\n","protected":false},"excerpt":{"rendered":"<p>AUDIO: Alcalde Denis Cort\u00e9s Aguilera Luego de que funcionarios de Gendarmer\u00eda del Centro de Detenci\u00f3n Preventiva y Reinserci\u00f3n Social \u00a0de Illapel evitaran una fuga masiva de reos, el pasado jueves 14 de abril, mediante el allanamiento de unos de los m\u00f3dulos por ruidos extra\u00f1os y sospechosos, en el que encontraron<\/p>\n","protected":false},"author":1,"featured_media":685,"comment_status":"open","ping_status":"open","sticky":false,"template":"","format":"standard","meta":{"footnotes":""},"categories":[22],"tags":[],"class_list":["post-684","post","type-post","status-publish","format-standard","has-post-thumbnail","hentry","category-muni-illapel"],"_links":{"self":[{"href":"https:\/\/minutaregional.cl\/index.php?rest_route=\/wp\/v2\/posts\/684","targetHints":{"allow":["GET"]}}],"collection":[{"href":"https:\/\/minutaregional.cl\/index.php?rest_route=\/wp\/v2\/posts"}],"about":[{"href":"https:\/\/minutaregional.cl\/index.php?rest_route=\/wp\/v2\/types\/post"}],"author":[{"embeddable":true,"href":"https:\/\/minutaregional.cl\/index.php?rest_route=\/wp\/v2\/users\/1"}],"replies":[{"embeddable":true,"href":"https:\/\/minutaregional.cl\/index.php?rest_route=%2Fwp%2Fv2%2Fcomments&post=684"}],"version-history":[{"count":2,"href":"https:\/\/minutaregional.cl\/index.php?rest_route=\/wp\/v2\/posts\/684\/revisions"}],"predecessor-version":[{"id":688,"href":"https:\/\/minutaregional.cl\/index.php?rest_route=\/wp\/v2\/posts\/684\/revisions\/688"}],"wp:featuredmedia":[{"embeddable":true,"href":"https:\/\/minutaregional.cl\/index.php?rest_route=\/wp\/v2\/media\/685"}],"wp:attachment":[{"href":"https:\/\/minutaregional.cl\/index.php?rest_route=%2Fwp%2Fv2%2Fmedia&parent=684"}],"wp:term":[{"taxonomy":"category","embeddable":true,"href":"https:\/\/minutaregional.cl\/index.php?rest_route=%2Fwp%2Fv2%2Fcategories&post=684"},{"taxonomy":"post_tag","embeddable":true,"href":"https:\/\/minutaregional.cl\/index.php?rest_route=%2Fwp%2Fv2%2Ftags&post=684"}],"curies":[{"name":"wp","href":"https:\/\/api.w.org\/{rel}","templated":true}]}}