{"id":680,"date":"2022-04-20T16:44:18","date_gmt":"2022-04-20T16:44:18","guid":{"rendered":"https:\/\/minutaregional.cl\/?p=680"},"modified":"2022-04-20T16:44:18","modified_gmt":"2022-04-20T16:44:18","slug":"seremis-municipio-de-illapel-y-comunidad-del-rio-choapa-se-reunieron-para-abordar-la-problematica-que-se-vive-por-la-falta-del-recurso-hidrico","status":"publish","type":"post","link":"https:\/\/minutaregional.cl\/?p=680","title":{"rendered":"SEREMIS, MUNICIPIO DE ILLAPEL Y COMUNIDAD DEL R\u00cdO CHOAPA SE REUNIERON PARA ABORDAR LA PROBLEM\u00c1TICA QUE SE VIVE POR LA FALTA DEL RECURSO H\u00cdDRICO"},"content":{"rendered":"<audio class=\"wp-audio-shortcode\" id=\"audio-680-1\" preload=\"none\" style=\"width: 100%;\" controls=\"controls\"><source type=\"audio\/mpeg\" src=\"https:\/\/minutaregional.cl\/wp-content\/uploads\/2022\/04\/cuna-alcalde.mp3?_=1\" \/><a href=\"https:\/\/minutaregional.cl\/wp-content\/uploads\/2022\/04\/cuna-alcalde.mp3\">https:\/\/minutaregional.cl\/wp-content\/uploads\/2022\/04\/cuna-alcalde.mp3<\/a><\/audio>\n<p>AUDIO : Alcalde Denis Cort\u00e9s Aguilera<\/p>\n<p>La escasez h\u00eddrica y la sequ\u00eda que afecta a los habitantes de las localidades del R\u00edo Choapa, como Los Loros, Limahuida, Socav\u00f3n, Ca\u00f1as 1, Ca\u00f1as 2, Entre Ca\u00f1as y Canelillo, ha sido un grave problema durante los \u00faltimos 10 meses. Ante esta vital necesidad, los vecinos se organizaron y realizaron una toma de camino en la carretera que conecta a Los Vilos e Illapel, haciendo un llamado a las autoridades de gobierno para dar soluciones oportunas y concretas a la falta de agua en la zona. Bajo este escenario, el alcalde de la comuna, Denis Cort\u00e9s Aguilera, quien acudi\u00f3 hasta la movilizaci\u00f3n y consigui\u00f3, mediante el llamado a los ministros de Obras P\u00fablicas y Medio Ambiente, la presencia de los representantes de gobierno regionales en la comuna.<\/p>\n<p>Posterior a las reuniones del alcalde con la gobernadora regional, el delgado presidencias, el consejo regional y el seremi de desarrollo social, se logr\u00f3 contar la presencia del seremi de Agricultura, Hern\u00e1n Saavedra, el seremi de medio ambiente, Leonardo Gros, la seremi de miner\u00eda, Constanza Espinoza y el seremi de obras p\u00fablicas, Javier Sandoval, en una reuni\u00f3n en la localidad de Ca\u00f1as 1, la cual tuvo una convocatoria de aproximadamente 200 vecinos de los distintos puntos del R\u00edo Choapa. En el concilio se abordaron todas las dificultades que viven las personas desde sus voces para que las autoridades conocieran in situ la dif\u00edcil situaci\u00f3n y c\u00f3mo pueden aportar desde sus facultades.<\/p>\n<p>En este sentido, el seremi de agricultura, se\u00f1al\u00f3 \u201cya no podemos hablar de sequ\u00eda, tenemos que hablar de una escasez permanente del recurso, lamentablemente estamos viviendo una crisis humanitaria d\u00f3nde se siente que la gente est\u00e1 hastiada, est\u00e1 aburrida y necesita respuestas muy inmediatas de las cuales, nosotros como estado, tenemos que hacernos cargo y tenemos que llegar de la mejor manera posible a cada uno de ellos\u201d, por su parte, el seremi de obras p\u00fablicas se refiri\u00f3 a su labor como la principal conexi\u00f3n con el ministerio de obras p\u00fablicas, diciendo \u201cc\u00f3brenme la palabra, yo vine aqu\u00ed a ser un puente y voy a usar todos los medios y todo mi conocimiento para ser ese puente, si no lo logro, entonces mi labor no fue bien efectuada\u201d, respecto a los compromisos adquiridos, el seremi de medio ambiente dijo \u201cel compromiso va a ser total porque es lo que nos ha pedido el presidente, ponernos a disposici\u00f3n de la gente y sus problemas, por eso el compromiso ser\u00e1 completo\u201d<\/p>\n<p>y finalmente, la seremi de miner\u00eda a\u00f1adi\u00f3 \u201cla primera instancia es recolectar argumentos, para pelear estos recursos a nivel central y decir por qu\u00e9 somos tan importantes, por qu\u00e9 esta crisis es realmente una crisis h\u00eddrica que puede transformarse en una crisis humanitaria\u201d.<\/p>\n<p>Las personas de las distintas localidades, que estuvieron presentes en la reuni\u00f3n, se\u00f1alaron su descontento por la falta de soluciones concretas e ideas para subsanar las necesidades que est\u00e1n viviendo. Por un lado, Enzo Barrera de Las Ca\u00f1as 2, coment\u00f3 que \u201cterminamos el treinta porciento de las personas que llegaron a las dos de la tarde cuando se nos convoc\u00f3, porque se dilat\u00f3 mucho y la gente de fue porque nunca escuchamos nada concreto respecto al petitorio que nosotros hicimos en la movilizaci\u00f3n\u201d, por otro lado, \u00c1ngel Biza de Choapa, dijo que \u201cla intenci\u00f3n de hacer este movimiento y lamentablemente tener que llegar a las calles es para que el gobierno nos tenga que escuchar y no queremos soluciones paliativas\u201d.<\/p>\n<p>El alcalde de la comuna, responsable de que se generen instancias de relacionamiento entre los ciudadanos de la comuna y las autoridades de gobierno, destac\u00f3 que \u201ccreo que esta es la forma de dialogar, de juntarnos en un di\u00e1logo directo y franco, hay situaciones incomodas, pero creo que si el gobierno toma el diagnostico, que lo tiene, y en la pr\u00f3xima reuni\u00f3n trae medidas concretas, yo creo que los vecinos se van a sentir m\u00e1s tranquilos. Lo que quieren es una se\u00f1al, una ruta, de cuales van a ser las ayudas y los apoyos, esperemos que el ministro de agricultura, en ese sentido, tenga anuncios concretos para la comuna de Illapel y la provincia del Choapa que tanto lo necesita\u201d.<\/p>\n","protected":false},"excerpt":{"rendered":"<p>AUDIO : Alcalde Denis Cort\u00e9s Aguilera La escasez h\u00eddrica y la sequ\u00eda que afecta a los habitantes de las localidades del R\u00edo Choapa, como Los Loros, Limahuida, Socav\u00f3n, Ca\u00f1as 1, Ca\u00f1as 2, Entre Ca\u00f1as y Canelillo, ha sido un grave problema durante los \u00faltimos 10 meses. Ante esta vital necesidad,<\/p>\n","protected":false},"author":1,"featured_media":681,"comment_status":"open","ping_status":"open","sticky":false,"template":"","format":"standard","meta":{"footnotes":""},"categories":[22],"tags":[],"class_list":["post-680","post","type-post","status-publish","format-standard","has-post-thumbnail","hentry","category-muni-illapel"],"_links":{"self":[{"href":"https:\/\/minutaregional.cl\/index.php?rest_route=\/wp\/v2\/posts\/680","targetHints":{"allow":["GET"]}}],"collection":[{"href":"https:\/\/minutaregional.cl\/index.php?rest_route=\/wp\/v2\/posts"}],"about":[{"href":"https:\/\/minutaregional.cl\/index.php?rest_route=\/wp\/v2\/types\/post"}],"author":[{"embeddable":true,"href":"https:\/\/minutaregional.cl\/index.php?rest_route=\/wp\/v2\/users\/1"}],"replies":[{"embeddable":true,"href":"https:\/\/minutaregional.cl\/index.php?rest_route=%2Fwp%2Fv2%2Fcomments&post=680"}],"version-history":[{"count":1,"href":"https:\/\/minutaregional.cl\/index.php?rest_route=\/wp\/v2\/posts\/680\/revisions"}],"predecessor-version":[{"id":683,"href":"https:\/\/minutaregional.cl\/index.php?rest_route=\/wp\/v2\/posts\/680\/revisions\/683"}],"wp:featuredmedia":[{"embeddable":true,"href":"https:\/\/minutaregional.cl\/index.php?rest_route=\/wp\/v2\/media\/681"}],"wp:attachment":[{"href":"https:\/\/minutaregional.cl\/index.php?rest_route=%2Fwp%2Fv2%2Fmedia&parent=680"}],"wp:term":[{"taxonomy":"category","embeddable":true,"href":"https:\/\/minutaregional.cl\/index.php?rest_route=%2Fwp%2Fv2%2Fcategories&post=680"},{"taxonomy":"post_tag","embeddable":true,"href":"https:\/\/minutaregional.cl\/index.php?rest_route=%2Fwp%2Fv2%2Ftags&post=680"}],"curies":[{"name":"wp","href":"https:\/\/api.w.org\/{rel}","templated":true}]}}