{"id":670,"date":"2022-04-20T15:50:18","date_gmt":"2022-04-20T15:50:18","guid":{"rendered":"https:\/\/minutaregional.cl\/?p=670"},"modified":"2022-04-20T15:52:30","modified_gmt":"2022-04-20T15:52:30","slug":"mesa-de-salud-reunio-a-autoridades-regionales-y-provinciales-para-trabajar-en-la-construccion-del-nuevo-hospital-del-choapa-emplazado-en-illapel","status":"publish","type":"post","link":"https:\/\/minutaregional.cl\/?p=670","title":{"rendered":"MESA DE SALUD REUNI\u00d3 A AUTORIDADES REGIONALES Y PROVINCIALES PARA TRABAJAR EN LA CONSTRUCCI\u00d3N DEL NUEVO HOSPITAL DEL CHOAPA EMPLAZADO EN ILLAPEL"},"content":{"rendered":"<audio class=\"wp-audio-shortcode\" id=\"audio-670-1\" preload=\"none\" style=\"width: 100%;\" controls=\"controls\"><source type=\"audio\/mpeg\" src=\"https:\/\/minutaregional.cl\/wp-content\/uploads\/2022\/04\/ALCALDE-mp3cut.net_.mp3?_=1\" \/><a href=\"https:\/\/minutaregional.cl\/wp-content\/uploads\/2022\/04\/ALCALDE-mp3cut.net_.mp3\">https:\/\/minutaregional.cl\/wp-content\/uploads\/2022\/04\/ALCALDE-mp3cut.net_.mp3<\/a><\/audio>\n<p>AUDIO : Alcalde Denis Cort\u00e9s Aguilera<\/p>\n<p>La construcci\u00f3n del nuevo hospital provincial en la ciudad de Illapel es una prioridad para el municipio, es por esto que se llev\u00f3 a cabo la Mesa de Salud, organizada por la Ilustre Municipalidad de Illapel, con la finalidad de instalar una mesa de trabajo conjunta con autoridades regionales para gestionar eficientemente los trabajos del nuevo centro de salud para las comunas del Choapa. A la actividad, realizada en la escuela Juan Carrasco Risco, asistieron parlamentarios, seremis, el director del hospital de Illapel, consejeros regionales, concejales del municipio, la delegada presidencial provincial, dirigentes, juntas de vecinos y el alcalde de la comuna, quien lider\u00f3 la jornada.<\/p>\n<p>La provincia del Choapa es la \u00fanica en la regi\u00f3n que no cuenta con un hospital de alta complejidad, algo tan vital para los habitantes, quienes deben trasladarse a la ciudad de Ovalle, La Serena o Coquimbo ante una urgencia, atenci\u00f3n de especialista o tratamiento. Con la nueva administraci\u00f3n municipal, a cargo del alcalde Denis Cort\u00e9s Aguilera, se retomaron los trabajos para llevar a cabo este importante proyecto, por lo que se han generado instancias de conversaci\u00f3n con las nuevas autoridades de gobierno, como la mesa de salud, instancia en la que la primera autoridad comunal se\u00f1al\u00f3 \u201c\u00bfPor qu\u00e9 necesitamos un hospital nuevo para la provincia del Choapa?, porque necesitamos resolver los problemas de salud en nuestra provincia, porque esto no es s\u00f3lo un hospital que quede m\u00e1s lindo, sino porque permite entregar mejor calidad de atenci\u00f3n de salud. Por ejemplo, de 54 camas vamos a pasar a 135, lo que significa que tendremos menos lista de espera y podremos operar m\u00e1s, adem\u00e1s tendremos un \u00e1rea de psiquiatr\u00eda, di\u00e1lisis y tecnolog\u00eda de equipamiento de punta, con una infraestructura de m\u00e1s de $110.000.000.000\u201d.<\/p>\n","protected":false},"excerpt":{"rendered":"<p>AUDIO : Alcalde Denis Cort\u00e9s Aguilera La construcci\u00f3n del nuevo hospital provincial en la ciudad de Illapel es una prioridad para el municipio, es por esto que se llev\u00f3 a cabo la Mesa de Salud, organizada por la Ilustre Municipalidad de Illapel, con la finalidad de instalar una mesa de<\/p>\n","protected":false},"author":1,"featured_media":671,"comment_status":"closed","ping_status":"open","sticky":false,"template":"","format":"standard","meta":{"footnotes":""},"categories":[22],"tags":[],"class_list":["post-670","post","type-post","status-publish","format-standard","has-post-thumbnail","hentry","category-muni-illapel"],"_links":{"self":[{"href":"https:\/\/minutaregional.cl\/index.php?rest_route=\/wp\/v2\/posts\/670","targetHints":{"allow":["GET"]}}],"collection":[{"href":"https:\/\/minutaregional.cl\/index.php?rest_route=\/wp\/v2\/posts"}],"about":[{"href":"https:\/\/minutaregional.cl\/index.php?rest_route=\/wp\/v2\/types\/post"}],"author":[{"embeddable":true,"href":"https:\/\/minutaregional.cl\/index.php?rest_route=\/wp\/v2\/users\/1"}],"replies":[{"embeddable":true,"href":"https:\/\/minutaregional.cl\/index.php?rest_route=%2Fwp%2Fv2%2Fcomments&post=670"}],"version-history":[{"count":2,"href":"https:\/\/minutaregional.cl\/index.php?rest_route=\/wp\/v2\/posts\/670\/revisions"}],"predecessor-version":[{"id":675,"href":"https:\/\/minutaregional.cl\/index.php?rest_route=\/wp\/v2\/posts\/670\/revisions\/675"}],"wp:featuredmedia":[{"embeddable":true,"href":"https:\/\/minutaregional.cl\/index.php?rest_route=\/wp\/v2\/media\/671"}],"wp:attachment":[{"href":"https:\/\/minutaregional.cl\/index.php?rest_route=%2Fwp%2Fv2%2Fmedia&parent=670"}],"wp:term":[{"taxonomy":"category","embeddable":true,"href":"https:\/\/minutaregional.cl\/index.php?rest_route=%2Fwp%2Fv2%2Fcategories&post=670"},{"taxonomy":"post_tag","embeddable":true,"href":"https:\/\/minutaregional.cl\/index.php?rest_route=%2Fwp%2Fv2%2Ftags&post=670"}],"curies":[{"name":"wp","href":"https:\/\/api.w.org\/{rel}","templated":true}]}}