{"id":665,"date":"2022-04-20T15:16:39","date_gmt":"2022-04-20T15:16:39","guid":{"rendered":"https:\/\/minutaregional.cl\/?p=665"},"modified":"2022-04-20T15:16:39","modified_gmt":"2022-04-20T15:16:39","slug":"diputada-castillo-y-reforma-a-legislacion-electoral-el-plebiscito-de-1980-votamos-con-los-asesinos-en-la-moneda","status":"publish","type":"post","link":"https:\/\/minutaregional.cl\/?p=665","title":{"rendered":"Diputada Castillo y reforma a legislaci\u00f3n electoral: \u201cEl plebiscito de 1980 votamos con los asesinos en La Moneda (..)"},"content":{"rendered":"<p class=\"yiv8799204625MsoNormal\"><i>El proyecto llega a la C\u00e1mara en su tercer tr\u00e1mite constitucional y permite que la asignaci\u00f3n del local de votaci\u00f3n sea cercana al domicilio electoral del y la votante.\u00a0<\/i><\/p>\n<p>Tras la marat\u00f3nica jornada de este lunes en la C\u00e1mara, donde la discusi\u00f3n y posterior votaci\u00f3n de los dos proyectos de retiro de fondos \u2013que finalmente fueron rechazados por falta de qu\u00f3rum- alcanz\u00f3 poco m\u00e1s de 8 horas, este martes la c\u00e1mara baja continu\u00f3 su trabajo legislativo, abordando el proyecto de reforma constitucional que privilegia la cercan\u00eda del elector en la asignaci\u00f3n del local de votaci\u00f3n, en vista de lo que ser\u00e1 el plebiscito de salida para aprobar o rechazar el borrador de Nueva Constituci\u00f3n.<\/p>\n<p>En esa l\u00ednea, la diputada Nathalie Castillo (PC) y representante del Distrito 5, intervino en Sala, manifestando su apoyo al proyecto \u2013en su tercer tr\u00e1mite constitucional- tras la aprobaci\u00f3n del Senado el pasado 13 de abril.<\/p>\n<p>\u201cPresidenta, vimos como el ex presidente Sebasti\u00e1n Pi\u00f1era, hasta el \u00faltimo momento de su gobierno boicoteaba la democracia, al minimizar recorrido del transporte p\u00fablico y de esta manera disminuir la participaci\u00f3n (..) adem\u00e1s gener\u00f3 casos mediante la tardanza, escases de frecuencias y disminuci\u00f3n considerable del transporte p\u00fablico, lo que afect\u00f3 principalmente a los sectores rurales y popular de nuestro pa\u00eds\u201d, acus\u00f3 la congresista.<\/p>\n<p>En su cr\u00edtica record\u00f3 el plebiscito de 1980, cuya votaci\u00f3n legitimaba la constituci\u00f3n redactada en dictadura.<\/p>\n<p>\u201cEs impensado creer en el discurso de la derecha sobre que fue democr\u00e1tico (el plebiscito ratificatorio del 80), sabemos muy bien que hab\u00eda que votar en dictadura, con los asesinos en la misma Moneda que a\u00f1os antes hab\u00edan bombardeado (..) Estamos viviendo un proceso hist\u00f3rico que no tiene vuelta atr\u00e1s, escribir una nueva constituci\u00f3n, a trav\u00e9s de un \u00f3rgano constituyente electo democr\u00e1ticamente, paritario y con esca\u00f1os reservados para pueblos originarios era impensado para aquellos y aquellas que salimos a votar para derrocar al dictador\u201d, enfatiz\u00f3 la diputada.<\/p>\n<p>\u201cQueremos que nuestra gente no tenga que alejarse mucho de su hogar para poder ejercer su derecho a votar, y es a trav\u00e9s de esta ley que se solucionan las problem\u00e1ticas y complejidades\u201d, agreg\u00f3 Castillo.<\/p>\n<p>En la Sala tambi\u00e9n estuvo presente el ministro de la Segpres, Giorgio Jackson (RD), quien record\u00f3 frente a los y las diputada\/os que el Ejecutivo actual ingres\u00f3 indicaciones al proyecto original durante su paso por la C\u00e1mara Alta, tras un trabajo colaborativo con el Servicio Electoral (SERVEL).<\/p>\n<p>El plebiscito de salida ser\u00e1 el pr\u00f3ximo 4 de septiembre con voto obligatorio para las personas mayores de 18 a\u00f1os, donde el o la elector\/a deber\u00e1 optar por el Apruebo o Rechazo respecto a la propuesta de borrador que presente la Convenci\u00f3n Constitucional.<\/p>\n","protected":false},"excerpt":{"rendered":"<p>El proyecto llega a la C\u00e1mara en su tercer tr\u00e1mite constitucional y permite que la asignaci\u00f3n del local de votaci\u00f3n sea cercana al domicilio electoral del y la votante.\u00a0 Tras la marat\u00f3nica jornada de este lunes en la C\u00e1mara, donde la discusi\u00f3n y posterior votaci\u00f3n de los dos proyectos de<\/p>\n","protected":false},"author":1,"featured_media":666,"comment_status":"open","ping_status":"open","sticky":false,"template":"","format":"standard","meta":{"footnotes":""},"categories":[26],"tags":[],"class_list":["post-665","post","type-post","status-publish","format-standard","has-post-thumbnail","hentry","category-camara-de-diputadas-y-diputados"],"_links":{"self":[{"href":"https:\/\/minutaregional.cl\/index.php?rest_route=\/wp\/v2\/posts\/665","targetHints":{"allow":["GET"]}}],"collection":[{"href":"https:\/\/minutaregional.cl\/index.php?rest_route=\/wp\/v2\/posts"}],"about":[{"href":"https:\/\/minutaregional.cl\/index.php?rest_route=\/wp\/v2\/types\/post"}],"author":[{"embeddable":true,"href":"https:\/\/minutaregional.cl\/index.php?rest_route=\/wp\/v2\/users\/1"}],"replies":[{"embeddable":true,"href":"https:\/\/minutaregional.cl\/index.php?rest_route=%2Fwp%2Fv2%2Fcomments&post=665"}],"version-history":[{"count":1,"href":"https:\/\/minutaregional.cl\/index.php?rest_route=\/wp\/v2\/posts\/665\/revisions"}],"predecessor-version":[{"id":667,"href":"https:\/\/minutaregional.cl\/index.php?rest_route=\/wp\/v2\/posts\/665\/revisions\/667"}],"wp:featuredmedia":[{"embeddable":true,"href":"https:\/\/minutaregional.cl\/index.php?rest_route=\/wp\/v2\/media\/666"}],"wp:attachment":[{"href":"https:\/\/minutaregional.cl\/index.php?rest_route=%2Fwp%2Fv2%2Fmedia&parent=665"}],"wp:term":[{"taxonomy":"category","embeddable":true,"href":"https:\/\/minutaregional.cl\/index.php?rest_route=%2Fwp%2Fv2%2Fcategories&post=665"},{"taxonomy":"post_tag","embeddable":true,"href":"https:\/\/minutaregional.cl\/index.php?rest_route=%2Fwp%2Fv2%2Ftags&post=665"}],"curies":[{"name":"wp","href":"https:\/\/api.w.org\/{rel}","templated":true}]}}