{"id":642,"date":"2022-04-12T02:32:13","date_gmt":"2022-04-12T02:32:13","guid":{"rendered":"https:\/\/minutaregional.cl\/?p=642"},"modified":"2022-04-12T02:56:53","modified_gmt":"2022-04-12T02:56:53","slug":"illapel-te-cuida-lanzaminto-del-primer-programa-de-la-comuna-de-illapel","status":"publish","type":"post","link":"https:\/\/minutaregional.cl\/?p=642","title":{"rendered":"\u201cILLAPEL TE CUIDA\u201d: LANZAMINTO DEL PRIMER PROGRAMA DE LA COMUNA DE ILLAPEL"},"content":{"rendered":"<p>El programa \u201cIllapel Te Cuida\u201d fue lanzado en dependencias de la escuela Juan Carrasco Risco y cont\u00f3 con la presencia de vecinos de distintos lugares de la comuna, dirigentes y juntas de vecinos, concejales, director del hospital de Illapel, Alejandro C\u00e9spedes, cuidadores beneficiarios, dupla psicosocial, unidades municipales y el alcalde, Denis Cort\u00e9s Aguilera. El objetivo de la iniciativa es entregar apoyo a cuidadores de personas dependientes por enfermedad o discapacidad, quienes no tienen la oportunidad de descanso y libertad de sus acciones debido a la atenci\u00f3n permanente de su se familiar. La ayuda tiene que ver con intervenciones psicosociales que cooperen con la salud mental de las personas e instancias de relevo con un profesional para darle tiempo libre.<\/p>\n<p>La idea inicial de ir en apoyo de estas personas a cargo de sus familiares, naci\u00f3 por parte del alcalde de la comuna mientras recorr\u00eda la ciudad durante su campa\u00f1a, instancia en la que se encontr\u00f3 con la necesidad de cooperaci\u00f3n en \u00e1mbito psicol\u00f3gico y de esparcimiento. En ese sentido, el jefe municipal, Denis Cort\u00e9s Aguilera, mencion\u00f3 que \u201cle quiero decir a esos vecinos que eso es lo que estamos haciendo hoy d\u00eda, honrando la palabra, cumpliendo el compromiso, pero por sobre todo, haciendo un programa que a mi me pone muy contento y orgulloso\u201d, destacando adem\u00e1s, \u201ces un d\u00eda muy lindo para nosotros como nueva administraci\u00f3n municipal, pero yo creo que es un d\u00eda importante para todos los illapelinos, porque cuando la municipalidad hace cosas que busca beneficiar a nuestros vecinos y vecinas, todos nos ponemos contentos y alegres\u201d.<\/p>\n<p>Los protagonistas de la ceremonia fueron los primeros cuidadores que forman parte del programa, adem\u00e1s de la dupla psicosocial a cargo del trabajo con ellos, quienes se desempe\u00f1an por primera vez en un rol tan importante como lo es el acompa\u00f1amiento de personas olvidadas por tanto tiempo. \u201cTengo un hijo de 25 a\u00f1os que hace 5 a\u00f1os tuvo un accidente y qued\u00f3 postrado a mi cuidado. Gracias por esta invitaci\u00f3n que me han dado y felicitarlos por este bello programa, muy linda la gesti\u00f3n que han hecho\u201d fueron las palabras de Fabiola Valencia, una mujer cuidadora que recibir\u00e1 el apoyo del equipo de salud municipal. Por su parte, Lineth Jim\u00e9nez, trabajadora social, se\u00f1al\u00f3 \u201cestamos muy contentas de este programa, ya hemos podido conocer varias realidades y estamos muy contentas de que la gente nos ha abierto la puertas de sus casas, eso nos indica que est\u00e1n muy deseosos de recibir una intervenci\u00f3n\u201d, y Ver\u00f3nica Zelaya, psic\u00f3loga del programa, destac\u00f3 que \u201cprincipalmente es un desaf\u00edo, porque en primer lugar es un programa nuevo que est\u00e1 acogiendo las necesidades de los cuidadores, pero m\u00e1s all\u00e1 de eso es un desaf\u00edo porque tenemos que entrar a la vida muy intima del cuidador\u201d.<\/p>\n<p>&nbsp;<\/p>\n","protected":false},"excerpt":{"rendered":"<p>El programa \u201cIllapel Te Cuida\u201d fue lanzado en dependencias de la escuela Juan Carrasco Risco y cont\u00f3 con la presencia de vecinos de distintos lugares de la comuna, dirigentes y juntas de vecinos, concejales, director del hospital de Illapel, Alejandro C\u00e9spedes, cuidadores beneficiarios, dupla psicosocial, unidades municipales y el alcalde,<\/p>\n","protected":false},"author":1,"featured_media":643,"comment_status":"closed","ping_status":"open","sticky":false,"template":"","format":"standard","meta":{"footnotes":""},"categories":[22],"tags":[],"class_list":["post-642","post","type-post","status-publish","format-standard","has-post-thumbnail","hentry","category-muni-illapel"],"_links":{"self":[{"href":"https:\/\/minutaregional.cl\/index.php?rest_route=\/wp\/v2\/posts\/642","targetHints":{"allow":["GET"]}}],"collection":[{"href":"https:\/\/minutaregional.cl\/index.php?rest_route=\/wp\/v2\/posts"}],"about":[{"href":"https:\/\/minutaregional.cl\/index.php?rest_route=\/wp\/v2\/types\/post"}],"author":[{"embeddable":true,"href":"https:\/\/minutaregional.cl\/index.php?rest_route=\/wp\/v2\/users\/1"}],"replies":[{"embeddable":true,"href":"https:\/\/minutaregional.cl\/index.php?rest_route=%2Fwp%2Fv2%2Fcomments&post=642"}],"version-history":[{"count":1,"href":"https:\/\/minutaregional.cl\/index.php?rest_route=\/wp\/v2\/posts\/642\/revisions"}],"predecessor-version":[{"id":644,"href":"https:\/\/minutaregional.cl\/index.php?rest_route=\/wp\/v2\/posts\/642\/revisions\/644"}],"wp:featuredmedia":[{"embeddable":true,"href":"https:\/\/minutaregional.cl\/index.php?rest_route=\/wp\/v2\/media\/643"}],"wp:attachment":[{"href":"https:\/\/minutaregional.cl\/index.php?rest_route=%2Fwp%2Fv2%2Fmedia&parent=642"}],"wp:term":[{"taxonomy":"category","embeddable":true,"href":"https:\/\/minutaregional.cl\/index.php?rest_route=%2Fwp%2Fv2%2Fcategories&post=642"},{"taxonomy":"post_tag","embeddable":true,"href":"https:\/\/minutaregional.cl\/index.php?rest_route=%2Fwp%2Fv2%2Ftags&post=642"}],"curies":[{"name":"wp","href":"https:\/\/api.w.org\/{rel}","templated":true}]}}