{"id":594,"date":"2022-04-11T05:20:33","date_gmt":"2022-04-11T05:20:33","guid":{"rendered":"https:\/\/minutaregional.cl\/?p=594"},"modified":"2022-04-18T05:33:37","modified_gmt":"2022-04-18T05:33:37","slug":"pdi-quillota-aclara-diversos-robos-con-intimidacion-perpetrados-en-la-comuna-y-detiene-a-los-autores","status":"publish","type":"post","link":"https:\/\/minutaregional.cl\/?p=594","title":{"rendered":"PDI QUILLOTA ACLARA DIVERSOS ROBOS CON INTIMIDACI\u00d3N PERPETRADOS EN LA COMUNA Y DETIENE A LOS AUTORES"},"content":{"rendered":"<p>Detectives de la Brigada de Investigaci\u00f3n Criminal Quillota de la Polic\u00eda de Investigaciones de Chile, como parte de una investigaci\u00f3n llevada a cabo tras la detenci\u00f3n de dos sujetos (18) y (22), autores del Robo con Intimidaci\u00f3n, que afect\u00f3 a un conductor de locomoci\u00f3n colectiva, lograron posicionarlos en otros il\u00edcitos perpetrados en esta comuna e incautar especies ligadas a la comisi\u00f3n de estos.<\/p>\n<p>Seg\u00fan antecedentes aportados por la PDI, una vez que los imputados se encontraban en custodia, se efectu\u00f3 un trabajo de an\u00e1lisis criminal e inteligencia policial determinando el modus operandi que utilizaban para la cometer los delitos, estableciendo adem\u00e1s, que ambos imputados habr\u00edan robado con intimidaci\u00f3n, un tel\u00e9fono celular y dinero en efectivo a una dependiente de un local comercial.<\/p>\n<p>De acuerdo a lo anterior y en coordinaci\u00f3n con el Ministerio P\u00fablico, se logr\u00f3 esclarecer ambos hechos delictuales, determinando adem\u00e1s, que el d\u00eda anterior uno de ellos habr\u00eda participado de otro robo a un conductor de aplicaci\u00f3n de transporte.<\/p>\n<p>En este contexto y gracias al trabajo efectuado por la polic\u00eda civil, se logr\u00f3 aclarar los il\u00edcitos y recuperar las especies sustra\u00eddas, gestionando la orden de entrada y registro de un domicilio, incautando en el operativo 230 comprimidos de Clonazepan, 4,86 gramos de ketamina del tipo tussi, tel\u00e9fonos, un notebook y dos rev\u00f3lveres a fogueo.<\/p>\n<p>Enlace descarga salida detenidos y cu\u00f1a subprefecto Wladimir Benavides, Jefe BICRIM Quillota<img loading=\"lazy\" decoding=\"async\" class=\"wp-image-595 aligncenter\" src=\"https:\/\/minutaregional.cl\/wp-content\/uploads\/2022\/04\/1.jpeg\" alt=\"\" width=\"189\" height=\"218\" \/><\/p>\n","protected":false},"excerpt":{"rendered":"<p>Detectives de la Brigada de Investigaci\u00f3n Criminal Quillota de la Polic\u00eda de Investigaciones de Chile, como parte de una investigaci\u00f3n llevada a cabo tras la detenci\u00f3n de dos sujetos (18) y (22), autores del Robo con Intimidaci\u00f3n, que afect\u00f3 a un conductor de locomoci\u00f3n colectiva, lograron posicionarlos en otros il\u00edcitos<\/p>\n","protected":false},"author":1,"featured_media":595,"comment_status":"open","ping_status":"open","sticky":false,"template":"","format":"standard","meta":{"footnotes":""},"categories":[14],"tags":[],"class_list":["post-594","post","type-post","status-publish","format-standard","has-post-thumbnail","hentry","category-pdi"],"_links":{"self":[{"href":"https:\/\/minutaregional.cl\/index.php?rest_route=\/wp\/v2\/posts\/594","targetHints":{"allow":["GET"]}}],"collection":[{"href":"https:\/\/minutaregional.cl\/index.php?rest_route=\/wp\/v2\/posts"}],"about":[{"href":"https:\/\/minutaregional.cl\/index.php?rest_route=\/wp\/v2\/types\/post"}],"author":[{"embeddable":true,"href":"https:\/\/minutaregional.cl\/index.php?rest_route=\/wp\/v2\/users\/1"}],"replies":[{"embeddable":true,"href":"https:\/\/minutaregional.cl\/index.php?rest_route=%2Fwp%2Fv2%2Fcomments&post=594"}],"version-history":[{"count":2,"href":"https:\/\/minutaregional.cl\/index.php?rest_route=\/wp\/v2\/posts\/594\/revisions"}],"predecessor-version":[{"id":597,"href":"https:\/\/minutaregional.cl\/index.php?rest_route=\/wp\/v2\/posts\/594\/revisions\/597"}],"wp:featuredmedia":[{"embeddable":true,"href":"https:\/\/minutaregional.cl\/index.php?rest_route=\/wp\/v2\/media\/595"}],"wp:attachment":[{"href":"https:\/\/minutaregional.cl\/index.php?rest_route=%2Fwp%2Fv2%2Fmedia&parent=594"}],"wp:term":[{"taxonomy":"category","embeddable":true,"href":"https:\/\/minutaregional.cl\/index.php?rest_route=%2Fwp%2Fv2%2Fcategories&post=594"},{"taxonomy":"post_tag","embeddable":true,"href":"https:\/\/minutaregional.cl\/index.php?rest_route=%2Fwp%2Fv2%2Ftags&post=594"}],"curies":[{"name":"wp","href":"https:\/\/api.w.org\/{rel}","templated":true}]}}