{"id":550,"date":"2022-04-09T16:02:48","date_gmt":"2022-04-09T16:02:48","guid":{"rendered":"https:\/\/minutaregional.cl\/?p=550"},"modified":"2022-04-18T05:34:21","modified_gmt":"2022-04-18T05:34:21","slug":"pdi-la-ligua-detiene-en-operativo-mt-cero-a-sujeto-que-comercializaba-cannabis-sativa-por-plataforma-de-internet","status":"publish","type":"post","link":"https:\/\/minutaregional.cl\/?p=550","title":{"rendered":"PDI LA LIGUA DETIENE EN OPERATIVO MT-CERO A SUJETO QUE COMERCIALIZABA CANNABIS SATIVA POR PLATAFORMA DE INTERNET"},"content":{"rendered":"<div>Detectives de la Agrupaci\u00f3n MT- Cero de la Brigada de Investigaci\u00f3n Criminal La Ligua, en coordinaci\u00f3n con el Ministerio P\u00fablico, detuvieron a un sujeto (25) que se dedicaba a comercializar cannabis sativa en esta comuna, en el marco de la operaci\u00f3n \u201cCFT\u201d.<\/div>\n<div>El trabajo de an\u00e1lisis criminal e inteligencia policial desplegado por los oficiales, permiti\u00f3 establecer la existencia de un foco de venta y distribuci\u00f3n de sustancias il\u00edcitas a trav\u00e9s de una plataforma de internet, logrando la incautaci\u00f3n de cerca de 200 gramos de cannabis sativa, $175 mil en dinero efectivo y elementos para la dosificaci\u00f3n de la droga.<\/div>\n<div>Los antecedentes de la investigaci\u00f3n ser\u00e1n remitidos al Ministerio P\u00fablico, mientras que el imputado fue puesto a disposici\u00f3n del Juzgado de Garant\u00eda de La Ligua, mientras que los antecedentes y medios de prueba ser\u00e1n remitidos al Ministerio P\u00fablico.<img loading=\"lazy\" decoding=\"async\" class=\"wp-image-551 alignright\" src=\"https:\/\/minutaregional.cl\/wp-content\/uploads\/2022\/04\/La-Ligua.jpeg\" alt=\"\" width=\"190\" height=\"200\" \/><\/div>\n","protected":false},"excerpt":{"rendered":"<p>Detectives de la Agrupaci\u00f3n MT- Cero de la Brigada de Investigaci\u00f3n Criminal La Ligua, en coordinaci\u00f3n con el Ministerio P\u00fablico, detuvieron a un sujeto (25) que se dedicaba a comercializar cannabis sativa en esta comuna, en el marco de la operaci\u00f3n \u201cCFT\u201d. El trabajo de an\u00e1lisis criminal e inteligencia policial<\/p>\n","protected":false},"author":1,"featured_media":551,"comment_status":"open","ping_status":"open","sticky":false,"template":"","format":"standard","meta":{"footnotes":""},"categories":[14],"tags":[35],"class_list":["post-550","post","type-post","status-publish","format-standard","has-post-thumbnail","hentry","category-pdi","tag-pdi"],"_links":{"self":[{"href":"https:\/\/minutaregional.cl\/index.php?rest_route=\/wp\/v2\/posts\/550","targetHints":{"allow":["GET"]}}],"collection":[{"href":"https:\/\/minutaregional.cl\/index.php?rest_route=\/wp\/v2\/posts"}],"about":[{"href":"https:\/\/minutaregional.cl\/index.php?rest_route=\/wp\/v2\/types\/post"}],"author":[{"embeddable":true,"href":"https:\/\/minutaregional.cl\/index.php?rest_route=\/wp\/v2\/users\/1"}],"replies":[{"embeddable":true,"href":"https:\/\/minutaregional.cl\/index.php?rest_route=%2Fwp%2Fv2%2Fcomments&post=550"}],"version-history":[{"count":4,"href":"https:\/\/minutaregional.cl\/index.php?rest_route=\/wp\/v2\/posts\/550\/revisions"}],"predecessor-version":[{"id":599,"href":"https:\/\/minutaregional.cl\/index.php?rest_route=\/wp\/v2\/posts\/550\/revisions\/599"}],"wp:featuredmedia":[{"embeddable":true,"href":"https:\/\/minutaregional.cl\/index.php?rest_route=\/wp\/v2\/media\/551"}],"wp:attachment":[{"href":"https:\/\/minutaregional.cl\/index.php?rest_route=%2Fwp%2Fv2%2Fmedia&parent=550"}],"wp:term":[{"taxonomy":"category","embeddable":true,"href":"https:\/\/minutaregional.cl\/index.php?rest_route=%2Fwp%2Fv2%2Fcategories&post=550"},{"taxonomy":"post_tag","embeddable":true,"href":"https:\/\/minutaregional.cl\/index.php?rest_route=%2Fwp%2Fv2%2Ftags&post=550"}],"curies":[{"name":"wp","href":"https:\/\/api.w.org\/{rel}","templated":true}]}}